{"id":1709,"date":"2023-12-18T08:55:26","date_gmt":"2023-12-18T11:55:26","guid":{"rendered":"https:\/\/sabuguinho.com.br\/site\/?p=1709"},"modified":"2023-12-18T08:55:26","modified_gmt":"2023-12-18T11:55:26","slug":"papa-francisco-celebra-aniversario-de-87-anos","status":"publish","type":"post","link":"https:\/\/sabuguinho.com.br\/site\/papa-francisco-celebra-aniversario-de-87-anos\/","title":{"rendered":"Papa Francisco celebra anivers\u00e1rio de 87 anos"},"content":{"rendered":"<p>Fonte: G1<\/p>\n<p>O Papa Francisco completou 87 anos neste domingo (17), festejado por crian\u00e7as que o ajudaram a soprar uma \u00fanica vela em um bolo branco.<br \/>\nAs crian\u00e7as, de uma cl\u00ednica pedi\u00e1trica administrada pelo Vaticano, cantaram para o papa e lhe deram um buqu\u00ea de girass\u00f3is.<br \/>\nMais tarde, num evento tradicional da \u00e9poca de Natal, no seu discurso semanal na Pra\u00e7a de S\u00e3o Pedro, ele aben\u00e7oou pequenas est\u00e1tuas do menino Jesus erguidas por crian\u00e7as, para serem colocadas em seus pres\u00e9pios em casa.<br \/>\nO Papa tamb\u00e9m fez uma ora\u00e7\u00e3o pedindo pela paz e citou as guerras entre Israel e Hamas e R\u00fassia e Ucr\u00e2nia.<br \/>\nSobre a situa\u00e7\u00e3o na Palestina, Francisco disse que continua recebendo not\u00edcias \u201cmuito s\u00e9rias e dolorosas\u201d. \u201cCivis desarmados est\u00e3o sendo bombardeados e alvejados. E isso aconteceu at\u00e9 dentro do complexo paroquial da Sagrada Fam\u00edlia, onde n\u00e3o h\u00e1 terroristas, mas sim fam\u00edlias, crian\u00e7as e doentes com defici\u00eancia, al\u00e9m de freiras\u201d.<br \/>\nAs dezenas de crian\u00e7as na pra\u00e7a gritavam \u201cBuon Compleanno\u201d \u2013 feliz anivers\u00e1rio em italiano \u2013 e erguiam cartazes com a mesma sauda\u00e7\u00e3o.<br \/>\nFrancisco, nascido Jorge Mario Bergoglio, tem origem imigrante italiana e nasceu em 17 de dezembro de 1936, em Buenos Aires. Os cardeais o escolheram como o primeiro papa da Am\u00e9rica Latina em 13 de mar\u00e7o de 2013.<br \/>\nNuma publica\u00e7\u00e3o na plataforma X (antigo Twitter), a primeira-ministra italiana, Giorgia Meloni, enviou sauda\u00e7\u00f5es ao papa e agradeceu-lhe o seu \u201cprofundo compromisso com a paz\u201d.<\/p>\n","protected":false},"excerpt":{"rendered":"<p>Fonte: G1 O Papa Francisco completou 87 anos neste domingo (17), festejado por crian\u00e7as que o ajudaram a soprar uma \u00fanica vela em um bolo branco. As crian\u00e7as, de uma cl\u00ednica pedi\u00e1trica administrada pelo Vaticano, cantaram para o papa e lhe deram um buqu\u00ea de girass\u00f3is. Mais tarde, num evento tradicional da \u00e9poca de Natal, [&hellip;]<\/p>\n","protected":false},"author":2,"featured_media":1710,"comment_status":"open","ping_status":"open","sticky":false,"template":"","format":"standard","meta":{"footnotes":""},"categories":[61],"tags":[],"class_list":["post-1709","post","type-post","status-publish","format-standard","has-post-thumbnail","hentry","category-geral"],"_links":{"self":[{"href":"https:\/\/sabuguinho.com.br\/site\/wp-json\/wp\/v2\/posts\/1709","targetHints":{"allow":["GET"]}}],"collection":[{"href":"https:\/\/sabuguinho.com.br\/site\/wp-json\/wp\/v2\/posts"}],"about":[{"href":"https:\/\/sabuguinho.com.br\/site\/wp-json\/wp\/v2\/types\/post"}],"author":[{"embeddable":true,"href":"https:\/\/sabuguinho.com.br\/site\/wp-json\/wp\/v2\/users\/2"}],"replies":[{"embeddable":true,"href":"https:\/\/sabuguinho.com.br\/site\/wp-json\/wp\/v2\/comments?post=1709"}],"version-history":[{"count":1,"href":"https:\/\/sabuguinho.com.br\/site\/wp-json\/wp\/v2\/posts\/1709\/revisions"}],"predecessor-version":[{"id":1711,"href":"https:\/\/sabuguinho.com.br\/site\/wp-json\/wp\/v2\/posts\/1709\/revisions\/1711"}],"wp:featuredmedia":[{"embeddable":true,"href":"https:\/\/sabuguinho.com.br\/site\/wp-json\/wp\/v2\/media\/1710"}],"wp:attachment":[{"href":"https:\/\/sabuguinho.com.br\/site\/wp-json\/wp\/v2\/media?parent=1709"}],"wp:term":[{"taxonomy":"category","embeddable":true,"href":"https:\/\/sabuguinho.com.br\/site\/wp-json\/wp\/v2\/categories?post=1709"},{"taxonomy":"post_tag","embeddable":true,"href":"https:\/\/sabuguinho.com.br\/site\/wp-json\/wp\/v2\/tags?post=1709"}],"curies":[{"name":"wp","href":"https:\/\/api.w.org\/{rel}","templated":true}]}}