{"id":16375,"date":"2024-11-26T13:09:47","date_gmt":"2024-11-26T16:09:47","guid":{"rendered":"https:\/\/sabuguinho.com.br\/site\/?p=16375"},"modified":"2024-11-26T13:09:47","modified_gmt":"2024-11-26T16:09:47","slug":"lisca-doido-desembarcou-no-rio-de-janeiro-para-assumir-o-vasco-da-gama","status":"publish","type":"post","link":"https:\/\/sabuguinho.com.br\/site\/lisca-doido-desembarcou-no-rio-de-janeiro-para-assumir-o-vasco-da-gama\/","title":{"rendered":"Lisca Doido desembarcou no Rio de Janeiro para assumir o Vasco da Gama"},"content":{"rendered":"<p>Jo\u00e3o Victor Amaral Santos<\/p>\n<p>Com a demiss\u00e3o de Rafael Paiva, muitos nomes passaram a ser vinculados ao Vasco. Embora Felipe comande o time na reta final dessa temporada, a diretoria j\u00e1 come\u00e7a a buscar um novo comandante para 2025. E uma sugest\u00e3o de alguns torcedores foi Lisca, que atualmente treina o Am\u00e9rica-MG e j\u00e1 desembarcou em S\u00e3o Janu\u00e1rio.<br \/>\nA passagem do \u201cLisca Doido\u201d pelo Cruz-Maltino aconteceu em 2021, quando o clube lutava pelo acesso \u00e0 S\u00e9rie A. No entanto, diferentemente de seus trabalhos por Cear\u00e1 e Am\u00e9rica-MG, o t\u00e9cnico de 52 anos n\u00e3o fez um bom trabalho no Vasco. Foram 12 jogos \u00e0 frente do time, com quatro vit\u00f3rias, um empate e sete derrotas, resultando em um aproveitamento de aproximadamente 36% dos pontos.<br \/>\nJorge Jesus recebeu oferta do Vasco<br \/>\nOutro nome que tamb\u00e9m j\u00e1 interessou ao Vasco foi Jorge Jesus, multicampe\u00e3o pelo Flamengo. Antes de fechar com o time rubro-negro, o treinador portugu\u00eas foi consultado pelo Cruz-Maltino e pelo Atl\u00e9tico-MG. Em 2020, em entrevista \u00e0 \u201cFox Sports\u201d, ele confirmou as conversas com os dois clubes<br \/>\n\u201cO primeiro foi o Vasco. Conversamos. Depois, teve a oportunidade do Atl\u00e9tico-MG, o meu agente disse. Vim ver um jogo, inclusive contra o Flamengo, jantei na casa do Ricardo Guimar\u00e3es (homem por tr\u00e1s do Banco BMG e ex-presidente do Galo). Conversamos, foram extremamente simp\u00e1ticos, mas n\u00e3o era isso que eu queria. Tinha expectativas esportivas para vir ao Brasil, achava que, sem ofender ningu\u00e9m, minha equipe tinha que brigar por t\u00edtulo\u201d, disse na \u00e9poca.<\/p>\n","protected":false},"excerpt":{"rendered":"<p>Jo\u00e3o Victor Amaral Santos Com a demiss\u00e3o de Rafael Paiva, muitos nomes passaram a ser vinculados ao Vasco. Embora Felipe comande o time na reta final dessa temporada, a diretoria j\u00e1 come\u00e7a a buscar um novo comandante para 2025. E uma sugest\u00e3o de alguns torcedores foi Lisca, que atualmente treina o Am\u00e9rica-MG e j\u00e1 desembarcou [&hellip;]<\/p>\n","protected":false},"author":2,"featured_media":16376,"comment_status":"open","ping_status":"open","sticky":false,"template":"","format":"standard","meta":{"footnotes":""},"categories":[45],"tags":[],"_links":{"self":[{"href":"https:\/\/sabuguinho.com.br\/site\/wp-json\/wp\/v2\/posts\/16375"}],"collection":[{"href":"https:\/\/sabuguinho.com.br\/site\/wp-json\/wp\/v2\/posts"}],"about":[{"href":"https:\/\/sabuguinho.com.br\/site\/wp-json\/wp\/v2\/types\/post"}],"author":[{"embeddable":true,"href":"https:\/\/sabuguinho.com.br\/site\/wp-json\/wp\/v2\/users\/2"}],"replies":[{"embeddable":true,"href":"https:\/\/sabuguinho.com.br\/site\/wp-json\/wp\/v2\/comments?post=16375"}],"version-history":[{"count":1,"href":"https:\/\/sabuguinho.com.br\/site\/wp-json\/wp\/v2\/posts\/16375\/revisions"}],"predecessor-version":[{"id":16377,"href":"https:\/\/sabuguinho.com.br\/site\/wp-json\/wp\/v2\/posts\/16375\/revisions\/16377"}],"wp:featuredmedia":[{"embeddable":true,"href":"https:\/\/sabuguinho.com.br\/site\/wp-json\/wp\/v2\/media\/16376"}],"wp:attachment":[{"href":"https:\/\/sabuguinho.com.br\/site\/wp-json\/wp\/v2\/media?parent=16375"}],"wp:term":[{"taxonomy":"category","embeddable":true,"href":"https:\/\/sabuguinho.com.br\/site\/wp-json\/wp\/v2\/categories?post=16375"},{"taxonomy":"post_tag","embeddable":true,"href":"https:\/\/sabuguinho.com.br\/site\/wp-json\/wp\/v2\/tags?post=16375"}],"curies":[{"name":"wp","href":"https:\/\/api.w.org\/{rel}","templated":true}]}}