{"id":16369,"date":"2024-11-26T11:11:14","date_gmt":"2024-11-26T14:11:14","guid":{"rendered":"https:\/\/sabuguinho.com.br\/site\/?p=16369"},"modified":"2024-11-26T11:11:14","modified_gmt":"2024-11-26T14:11:14","slug":"avare-delegado-fabiano-ribeiro-ferreira-da-silva-assume-a-seccional-de-policia","status":"publish","type":"post","link":"https:\/\/sabuguinho.com.br\/site\/avare-delegado-fabiano-ribeiro-ferreira-da-silva-assume-a-seccional-de-policia\/","title":{"rendered":"AVAR\u00c9  &#8211; Delegado Fabiano Ribeiro Ferreira da Silva assume a Seccional de Pol\u00edcia"},"content":{"rendered":"<p>Ap\u00f3s comandar a DIG e a DISE, Delegado ter\u00e1 como prioridade o fortalecimento das investiga\u00e7\u00f5es criminais e a garantia de gest\u00e3o eficiente<br \/>\nFabiano Ribeiro Ferreira da Silva, de 48 anos, \u00e9 o novo Delegado Seccional de Pol\u00edcia de Avar\u00e9. A nomea\u00e7\u00e3o foi oficializada por meio de Portaria do Delegado Geral de Pol\u00edcia publicada no Di\u00e1rio Oficial do Estado, na edi\u00e7\u00e3o de hoje, dia 26 de novembro de 2024, marcando o in\u00edcio de uma nova gest\u00e3o. Ele assume o lugar de Rubens C\u00e9sar Garcia Jorge, que ocupava o cargo desde 2018 e agora atuar\u00e1 como Delegado Assistente na Seccional.<br \/>\nCom mais de duas d\u00e9cadas dedicadas \u00e0 Pol\u00edcia Civil, Fabiano tem como meta fortalecer as investiga\u00e7\u00f5es criminais e aprimorar a efici\u00eancia administrativa na coordena\u00e7\u00e3o de 17 munic\u00edpios da regi\u00e3o, abrangendo uma \u00e1rea com aproximadamente 300 mil habitantes. \u201cMinha experi\u00eancia na \u00e1rea investigativa ser\u00e1 um diferencial na condu\u00e7\u00e3o da Seccional. Pretendo focar no fortalecimento das investiga\u00e7\u00f5es, sem descuidar das quest\u00f5es administrativas, essenciais para o bom funcionamento da institui\u00e7\u00e3o\u201d, afirmou o delegado.<br \/>\nNatural de Avar\u00e9, Fabiano \u00e9 formado em Direito pela Universidade de Ribeir\u00e3o Preto (Unaerp) e p\u00f3s-graduado em Direito Penal e Processual Penal pela Escola Superior do Minist\u00e9rio P\u00fablico. Ingressou na Pol\u00edcia Civil em 2001, ap\u00f3s ser aprovado em concurso p\u00fablico para o cargo de Delegado, e come\u00e7ou no 103\u00ba Distrito Policial de S\u00e3o Paulo. Em 2004 foi transferido para Avar\u00e9, onde consolidou sua trajet\u00f3ria. Atuou como Delegado em cidades como Iaras, Piraju, Manduri, Cerqueira C\u00e9sar, Ita\u00ed e Paranapanema. Em 2012, assumiu a Delegacia de Investiga\u00e7\u00f5es sobre Entorpecentes (DISE) e, posteriormente, a Delegacia de Investiga\u00e7\u00f5es Gerais (DIG). \u00c0 frente dessas unidades especializadas, comandou opera\u00e7\u00f5es de grande impacto contra a criminalidade.<br \/>\nCasado com a advogada Micheline Nogueira e pai de \u00cdtalo, de 8 anos, Fabiano mant\u00e9m uma forte liga\u00e7\u00e3o com a cidade, onde nasceu e cresceu. Ele \u00e9 filho de Maria Helena Ribeiro Ferreira da Silva e do professor Celso Alves Ferreira da Silva, ex-Dirigente Regional de Ensino. Essa conex\u00e3o com Avar\u00e9, segundo o Delegado, refor\u00e7a seu compromisso com as demandas locais. \u201cConhecendo bem as necessidades da regi\u00e3o, meu objetivo ser\u00e1 integrar as demandas operacionais e administrativas, com foco em resultados que beneficiem diretamente a popula\u00e7\u00e3o\u201d, destacou.<br \/>\nEntre as prioridades de sua gest\u00e3o, Fabiano aponta o fortalecimento das investiga\u00e7\u00f5es criminais, o combate sistem\u00e1tico \u00e0s associa\u00e7\u00f5es criminosas, a implementa\u00e7\u00e3o de a\u00e7\u00f5es preventivas para reduzir a criminalidade e a garantia de efici\u00eancia administrativa. Ele tamb\u00e9m pretende estreitar a rela\u00e7\u00e3o com a comunidade, promovendo uma atua\u00e7\u00e3o integrada e transparente.<br \/>\nO novo Delegado Seccional destacou, ainda, que pretende manter e fortalecer o bom relacionamento j\u00e1 existente com o Poder Judici\u00e1rio, o Minist\u00e9rio P\u00fablico, a Ordem dos Advogados do Brasil (OAB) e a Pol\u00edcia Militar, ressaltando a import\u00e2ncia da integra\u00e7\u00e3o entre as institui\u00e7\u00f5es para o sucesso das a\u00e7\u00f5es de Seguran\u00e7a P\u00fablica na regi\u00e3o.<br \/>\nRubens C\u00e9sar Garcia Jorge deixa o comando da Seccional ap\u00f3s seis anos de gest\u00e3o, per\u00edodo em que liderou avan\u00e7os significativos no combate \u00e0 criminalidade e no aprimoramento dos servi\u00e7os prestados \u00e0 popula\u00e7\u00e3o. Com a chegada de Fabiano Ribeiro Ferreira da Silva, a expectativa \u00e9 de continuidade e avan\u00e7o, com foco em uma gest\u00e3o moderna e eficaz que priorize a seguran\u00e7a da popula\u00e7\u00e3o.<\/p>\n<p><img loading=\"lazy\" decoding=\"async\" src=\"https:\/\/sabuguinho.com.br\/site\/wp-content\/uploads\/2024\/11\/IMG-20241126-WA0055-103x150.jpg\" alt=\"\" width=\"103\" height=\"150\" class=\"alignnone size-medium wp-image-16370\" srcset=\"https:\/\/sabuguinho.com.br\/site\/wp-content\/uploads\/2024\/11\/IMG-20241126-WA0055-103x150.jpg 103w, https:\/\/sabuguinho.com.br\/site\/wp-content\/uploads\/2024\/11\/IMG-20241126-WA0055-353x512.jpg 353w, https:\/\/sabuguinho.com.br\/site\/wp-content\/uploads\/2024\/11\/IMG-20241126-WA0055-768x1115.jpg 768w, https:\/\/sabuguinho.com.br\/site\/wp-content\/uploads\/2024\/11\/IMG-20241126-WA0055-1058x1536.jpg 1058w, https:\/\/sabuguinho.com.br\/site\/wp-content\/uploads\/2024\/11\/IMG-20241126-WA0055-750x1089.jpg 750w, https:\/\/sabuguinho.com.br\/site\/wp-content\/uploads\/2024\/11\/IMG-20241126-WA0055.jpg 1102w\" sizes=\"(max-width: 103px) 100vw, 103px\" \/><\/p>\n<p><img loading=\"lazy\" decoding=\"async\" src=\"https:\/\/sabuguinho.com.br\/site\/wp-content\/uploads\/2024\/11\/IMG-20241126-WA0059-105x150.jpg\" alt=\"\" width=\"105\" height=\"150\" class=\"alignnone size-medium wp-image-16371\" srcset=\"https:\/\/sabuguinho.com.br\/site\/wp-content\/uploads\/2024\/11\/IMG-20241126-WA0059-105x150.jpg 105w, https:\/\/sabuguinho.com.br\/site\/wp-content\/uploads\/2024\/11\/IMG-20241126-WA0059-358x512.jpg 358w, https:\/\/sabuguinho.com.br\/site\/wp-content\/uploads\/2024\/11\/IMG-20241126-WA0059-768x1099.jpg 768w, https:\/\/sabuguinho.com.br\/site\/wp-content\/uploads\/2024\/11\/IMG-20241126-WA0059-1073x1536.jpg 1073w, https:\/\/sabuguinho.com.br\/site\/wp-content\/uploads\/2024\/11\/IMG-20241126-WA0059-750x1073.jpg 750w, https:\/\/sabuguinho.com.br\/site\/wp-content\/uploads\/2024\/11\/IMG-20241126-WA0059.jpg 1118w\" sizes=\"(max-width: 105px) 100vw, 105px\" \/><\/p>\n<p><img loading=\"lazy\" decoding=\"async\" src=\"https:\/\/sabuguinho.com.br\/site\/wp-content\/uploads\/2024\/11\/IMG-20241126-WA0057-150x100.jpg\" alt=\"\" width=\"150\" height=\"100\" class=\"alignnone size-medium wp-image-16372\" srcset=\"https:\/\/sabuguinho.com.br\/site\/wp-content\/uploads\/2024\/11\/IMG-20241126-WA0057-150x100.jpg 150w, https:\/\/sabuguinho.com.br\/site\/wp-content\/uploads\/2024\/11\/IMG-20241126-WA0057-512x342.jpg 512w, https:\/\/sabuguinho.com.br\/site\/wp-content\/uploads\/2024\/11\/IMG-20241126-WA0057-768x513.jpg 768w, https:\/\/sabuguinho.com.br\/site\/wp-content\/uploads\/2024\/11\/IMG-20241126-WA0057-1536x1026.jpg 1536w, https:\/\/sabuguinho.com.br\/site\/wp-content\/uploads\/2024\/11\/IMG-20241126-WA0057-750x501.jpg 750w, https:\/\/sabuguinho.com.br\/site\/wp-content\/uploads\/2024\/11\/IMG-20241126-WA0057-1140x762.jpg 1140w, https:\/\/sabuguinho.com.br\/site\/wp-content\/uploads\/2024\/11\/IMG-20241126-WA0057.jpg 1600w\" sizes=\"(max-width: 150px) 100vw, 150px\" \/><\/p>\n","protected":false},"excerpt":{"rendered":"<p>Ap\u00f3s comandar a DIG e a DISE, Delegado ter\u00e1 como prioridade o fortalecimento das investiga\u00e7\u00f5es criminais e a garantia de gest\u00e3o eficiente Fabiano Ribeiro Ferreira da Silva, de 48 anos, \u00e9 o novo Delegado Seccional de Pol\u00edcia de Avar\u00e9. A nomea\u00e7\u00e3o foi oficializada por meio de Portaria do Delegado Geral de Pol\u00edcia publicada no Di\u00e1rio [&hellip;]<\/p>\n","protected":false},"author":2,"featured_media":16373,"comment_status":"open","ping_status":"open","sticky":false,"template":"","format":"standard","meta":{"footnotes":""},"categories":[52],"tags":[],"_links":{"self":[{"href":"https:\/\/sabuguinho.com.br\/site\/wp-json\/wp\/v2\/posts\/16369"}],"collection":[{"href":"https:\/\/sabuguinho.com.br\/site\/wp-json\/wp\/v2\/posts"}],"about":[{"href":"https:\/\/sabuguinho.com.br\/site\/wp-json\/wp\/v2\/types\/post"}],"author":[{"embeddable":true,"href":"https:\/\/sabuguinho.com.br\/site\/wp-json\/wp\/v2\/users\/2"}],"replies":[{"embeddable":true,"href":"https:\/\/sabuguinho.com.br\/site\/wp-json\/wp\/v2\/comments?post=16369"}],"version-history":[{"count":1,"href":"https:\/\/sabuguinho.com.br\/site\/wp-json\/wp\/v2\/posts\/16369\/revisions"}],"predecessor-version":[{"id":16374,"href":"https:\/\/sabuguinho.com.br\/site\/wp-json\/wp\/v2\/posts\/16369\/revisions\/16374"}],"wp:featuredmedia":[{"embeddable":true,"href":"https:\/\/sabuguinho.com.br\/site\/wp-json\/wp\/v2\/media\/16373"}],"wp:attachment":[{"href":"https:\/\/sabuguinho.com.br\/site\/wp-json\/wp\/v2\/media?parent=16369"}],"wp:term":[{"taxonomy":"category","embeddable":true,"href":"https:\/\/sabuguinho.com.br\/site\/wp-json\/wp\/v2\/categories?post=16369"},{"taxonomy":"post_tag","embeddable":true,"href":"https:\/\/sabuguinho.com.br\/site\/wp-json\/wp\/v2\/tags?post=16369"}],"curies":[{"name":"wp","href":"https:\/\/api.w.org\/{rel}","templated":true}]}}