{"id":16293,"date":"2024-11-25T10:52:38","date_gmt":"2024-11-25T13:52:38","guid":{"rendered":"https:\/\/sabuguinho.com.br\/site\/?p=16293"},"modified":"2024-11-25T10:52:38","modified_gmt":"2024-11-25T13:52:38","slug":"evento-dupla-jorge-mateus-abre-54a-emapa-nesta-sexta-feira-29","status":"publish","type":"post","link":"https:\/\/sabuguinho.com.br\/site\/evento-dupla-jorge-mateus-abre-54a-emapa-nesta-sexta-feira-29\/","title":{"rendered":"EVENTO &#8211; Dupla Jorge &#038; Mateus abre 54\u00aa EMAPA nesta sexta-feira, 29"},"content":{"rendered":"<p>Primeiro final de semana da tradicional feira agropecu\u00e1ria tamb\u00e9m tem shows gratuitos de Simone Mendes (dia 30) e Ra\u00e7a Negra (dia 1\u00ba de dezembro)<br \/>\nA dupla Jorge &#038; Mateus abre a 54\u00aa Exposi\u00e7\u00e3o Municipal Agropecu\u00e1ria e Industrial de Avar\u00e9 (EMAPA) nesta sexta-feira, 29 de novembro.<br \/>\nNo s\u00e1bado, 30 de novembro, sobe ao palco a cantora Simone Mendes, um dos shows mais esperados da edi\u00e7\u00e3o.<br \/>\nJ\u00e1 o grupo de samba Ra\u00e7a Negra apresenta seu repert\u00f3rio de sucessos no domingo, 1\u00ba de dezembro, encerrando a primeira parte da programa\u00e7\u00e3o musical.<br \/>\nA maior festa com os port\u00f5es abertos do pa\u00eds segue at\u00e9 8 de dezembro no Parque de Exposi\u00e7\u00f5es \u201cFernando Cruz Pimentel\u201d.<br \/>\nAl\u00e9m de shows gratuitos, a tradicional feira agropecu\u00e1ria traz rodeio em touro e cavalos, queima do alho, bail\u00e3o ga\u00facho todas as noites e muito mais.<\/p>\n<p>Mais shows<\/p>\n<p>O cantor Eduardo Costa reinicia a grade de shows na quinta-feira, 5. Na sexta-feira, 6, \u00e9 a vez de Luana Prado subir ao palco, nome de peso da nova gera\u00e7\u00e3o do sertanejo.<br \/>\nA 54\u00aa EMAPA tem show em dose dupla no s\u00e1bado, 7 de dezembro. Luan Pereira, expoente do agronejo, abre a noite. Em seguida, \u00e9 a vez do MC Daniel colocar o p\u00fablico para dan\u00e7ar.<br \/>\nA edi\u00e7\u00e3o 2024 da EMAPA ser\u00e1 encerrada pela dupla Hugo &#038; Guilherme. Os shows t\u00eam in\u00edcio a partir das 23h30.<\/p>\n<p>Estrutura e estacionamento gratuito<\/p>\n<p>O evento disponibiliza uma estrutura completa para garantir o conforto e a seguran\u00e7a de avareenses, visitantes e turistas.<br \/>\nIsso inclui pra\u00e7a de alimenta\u00e7\u00e3o coberta, parque de divers\u00f5es, posto m\u00e9dico, arquibancadas cobertas, posto policial e c\u00e2meras de seguran\u00e7a em todo o recinto, bem como posto veterin\u00e1rio para garantir o cuidado animal.<br \/>\nAl\u00e9m de ser aberta ao p\u00fablico, a EMAPA oferece estacionamento gratuito. \u00c9 divers\u00e3o para toda a fam\u00edlia.<\/p>\n<p>Cobertura da Arena de Eventos<\/p>\n<p>A abertura da 54\u00aa EMAPA tamb\u00e9m vai contar com a inaugura\u00e7\u00e3o da cobertura da Arena de Eventos Avar\u00e9.<br \/>\nInaugurado em 2022 e com capacidade para 40 mil pessoas, o espa\u00e7o colocou a est\u00e2ncia tur\u00edstica em outro patamar no setor de turismo de eventos.<\/p>\n<p>Rodeio profissional<\/p>\n<p>A 54\u00aa EMAPA traz ainda a Final Nacional de Rodeio (FNR), que recebe atletas de n\u00edvel internacional.<br \/>\nS\u00e3o mais de R$ 200 mil em premia\u00e7\u00e3o. A competi\u00e7\u00e3o que acontece de 5 a 8 de dezembro inclui montaria em touro e cutiano (cavalo).<br \/>\nEsse \u00e9 o terceiro ano consecutivo que Avar\u00e9 recebe a competi\u00e7\u00e3o da Confedera\u00e7\u00e3o Nacional de Rodeio (CNAR).<br \/>\nA est\u00e2ncia tur\u00edstica foi escolhida gra\u00e7as aos investimentos que a Prefeitura vem fazendo em infraestrutura, cujo carro-chefe \u00e9 a Arena de Eventos Avar\u00e9.<\/p>\n<p>Rodeio amador<\/p>\n<p>A tradicional feira agropecu\u00e1ria tamb\u00e9m var abrir espa\u00e7o para competidores de Avar\u00e9 e regi\u00e3o.<br \/>\nO rodeio amador em touro e cavalo acontece nos dias 29, 30 de novembro e 1\u00ba de dezembro.<\/p>\n<p>Venda de camarotes<\/p>\n<p>O setor pista e a arquibancada da 54\u00aa EMAPA t\u00eam entrada gratuita. J\u00e1 as vendas de ingressos para a \u00c1rea Vip e o Maravilhoso Camarote Open continuam pelo site tycket.com.br.<\/p>\n<p>Queima do Alho<\/p>\n<p>A Queima do Alho ser\u00e1 realizada no s\u00e1bado, 30, a partir das 11 horas, no recinto da EMAPA.<br \/>\nOrganizado pela Associa\u00e7\u00e3o dos Muladeiros de Avar\u00e9 (AMA), o evento ser\u00e1 beneficente, com parte da renda destinada \u00e0 Associa\u00e7\u00e3o Esp\u00edrita Arco-\u00cdris de Avar\u00e9 e \u00e0 Associa\u00e7\u00e3o Beneficente Oncol\u00f3gica Volunt\u00e1rios de Avar\u00e9 (ABOVA).<br \/>\nS\u00e3o esperadas 20 cozinhas caipiras servindo o tradicional almo\u00e7o campeiro em uma estrutura completa, com bebidas geladas e m\u00fasica ao vivo.<\/p>\n<p>As pulseiras para a Queima do Alho 2024 custam R$ 50. Pontos de venda: Diniz Im\u00f3veis, Cavalinho Ve\u00edculos, Vitrine do Cowboy e Academia da Kika.<br \/>\nOutras informa\u00e7\u00f5es podem ser obtidas pelos telefones (14) 99774-8084 e (14) 99873-1615.<\/p>\n<p>F\u00f3rum de gr\u00e3os org\u00e2nicos<\/p>\n<p>A 54\u00aa EMAPA tamb\u00e9m vai ser palco de dois importantes eventos ligados \u00e0 agricultura org\u00e2nica, setor que vem registrando crescimento no Brasil e no mundo.<br \/>\nTrata-se do j\u00e1 tradicional F\u00f3rum Internacional de Gr\u00e3os Org\u00e2nicos da Folio realizado pela Raiar Org\u00e2nicos e Folio Org\u00e2nicos, que este ano chega \u00e0 quarta edi\u00e7\u00e3o.<br \/>\nJ\u00e1 a 1\u00aa Feira de Agricultura Regenerativa de Avar\u00e9 \u00e9 uma realiza\u00e7\u00e3o da Prefeitura da Est\u00e2ncia Tur\u00edstica de Avar\u00e9, por meio da Secretaria Municipal de Agricultura e Abastecimento, em parceria com a Raiar Org\u00e2nicos e Folio Org\u00e2nicos. Inscri\u00e7\u00f5es e informa\u00e7\u00f5es pelo telefone (14) 9 9773-1324.<br \/>\nA 54\u00aa EMAPA \u00e9 uma realiza\u00e7\u00e3o da Prefeitura da Est\u00e2ncia Tur\u00edstica de Avar\u00e9, FNR e Organiza\u00e7\u00e3o Estrela.<\/p>\n<p><img loading=\"lazy\" decoding=\"async\" src=\"https:\/\/sabuguinho.com.br\/site\/wp-content\/uploads\/2024\/11\/Evento-shows-EMAPA-2024-folder-120x150.jpeg\" alt=\"\" width=\"120\" height=\"150\" class=\"alignnone size-medium wp-image-16294\" srcset=\"https:\/\/sabuguinho.com.br\/site\/wp-content\/uploads\/2024\/11\/Evento-shows-EMAPA-2024-folder-120x150.jpeg 120w, https:\/\/sabuguinho.com.br\/site\/wp-content\/uploads\/2024\/11\/Evento-shows-EMAPA-2024-folder-410x512.jpeg 410w, https:\/\/sabuguinho.com.br\/site\/wp-content\/uploads\/2024\/11\/Evento-shows-EMAPA-2024-folder-768x960.jpeg 768w, https:\/\/sabuguinho.com.br\/site\/wp-content\/uploads\/2024\/11\/Evento-shows-EMAPA-2024-folder-750x938.jpeg 750w, https:\/\/sabuguinho.com.br\/site\/wp-content\/uploads\/2024\/11\/Evento-shows-EMAPA-2024-folder.jpeg 1024w\" sizes=\"(max-width: 120px) 100vw, 120px\" \/><\/p>\n<p><img loading=\"lazy\" decoding=\"async\" src=\"https:\/\/sabuguinho.com.br\/site\/wp-content\/uploads\/2024\/11\/Queima-do-Alho-EMAPA-150x150.jpg\" alt=\"\" width=\"150\" height=\"150\" class=\"alignnone size-medium wp-image-16295\" srcset=\"https:\/\/sabuguinho.com.br\/site\/wp-content\/uploads\/2024\/11\/Queima-do-Alho-EMAPA-150x150.jpg 150w, https:\/\/sabuguinho.com.br\/site\/wp-content\/uploads\/2024\/11\/Queima-do-Alho-EMAPA-512x512.jpg 512w, https:\/\/sabuguinho.com.br\/site\/wp-content\/uploads\/2024\/11\/Queima-do-Alho-EMAPA-768x768.jpg 768w, https:\/\/sabuguinho.com.br\/site\/wp-content\/uploads\/2024\/11\/Queima-do-Alho-EMAPA-75x75.jpg 75w, https:\/\/sabuguinho.com.br\/site\/wp-content\/uploads\/2024\/11\/Queima-do-Alho-EMAPA-750x750.jpg 750w, https:\/\/sabuguinho.com.br\/site\/wp-content\/uploads\/2024\/11\/Queima-do-Alho-EMAPA-1140x1140.jpg 1140w, https:\/\/sabuguinho.com.br\/site\/wp-content\/uploads\/2024\/11\/Queima-do-Alho-EMAPA.jpg 1440w\" sizes=\"(max-width: 150px) 100vw, 150px\" \/><\/p>\n","protected":false},"excerpt":{"rendered":"<p>Primeiro final de semana da tradicional feira agropecu\u00e1ria tamb\u00e9m tem shows gratuitos de Simone Mendes (dia 30) e Ra\u00e7a Negra (dia 1\u00ba de dezembro) A dupla Jorge &#038; Mateus abre a 54\u00aa Exposi\u00e7\u00e3o Municipal Agropecu\u00e1ria e Industrial de Avar\u00e9 (EMAPA) nesta sexta-feira, 29 de novembro. No s\u00e1bado, 30 de novembro, sobe ao palco a cantora [&hellip;]<\/p>\n","protected":false},"author":2,"featured_media":16296,"comment_status":"open","ping_status":"open","sticky":false,"template":"","format":"standard","meta":{"footnotes":""},"categories":[58],"tags":[],"_links":{"self":[{"href":"https:\/\/sabuguinho.com.br\/site\/wp-json\/wp\/v2\/posts\/16293"}],"collection":[{"href":"https:\/\/sabuguinho.com.br\/site\/wp-json\/wp\/v2\/posts"}],"about":[{"href":"https:\/\/sabuguinho.com.br\/site\/wp-json\/wp\/v2\/types\/post"}],"author":[{"embeddable":true,"href":"https:\/\/sabuguinho.com.br\/site\/wp-json\/wp\/v2\/users\/2"}],"replies":[{"embeddable":true,"href":"https:\/\/sabuguinho.com.br\/site\/wp-json\/wp\/v2\/comments?post=16293"}],"version-history":[{"count":1,"href":"https:\/\/sabuguinho.com.br\/site\/wp-json\/wp\/v2\/posts\/16293\/revisions"}],"predecessor-version":[{"id":16297,"href":"https:\/\/sabuguinho.com.br\/site\/wp-json\/wp\/v2\/posts\/16293\/revisions\/16297"}],"wp:featuredmedia":[{"embeddable":true,"href":"https:\/\/sabuguinho.com.br\/site\/wp-json\/wp\/v2\/media\/16296"}],"wp:attachment":[{"href":"https:\/\/sabuguinho.com.br\/site\/wp-json\/wp\/v2\/media?parent=16293"}],"wp:term":[{"taxonomy":"category","embeddable":true,"href":"https:\/\/sabuguinho.com.br\/site\/wp-json\/wp\/v2\/categories?post=16293"},{"taxonomy":"post_tag","embeddable":true,"href":"https:\/\/sabuguinho.com.br\/site\/wp-json\/wp\/v2\/tags?post=16293"}],"curies":[{"name":"wp","href":"https:\/\/api.w.org\/{rel}","templated":true}]}}