{"id":16290,"date":"2024-11-25T10:40:34","date_gmt":"2024-11-25T13:40:34","guid":{"rendered":"https:\/\/sabuguinho.com.br\/site\/?p=16290"},"modified":"2024-11-25T10:40:34","modified_gmt":"2024-11-25T13:40:34","slug":"agricultura-1a-feira-de-agricultura-regenerativa-integra-programacao-da-54a-emapa","status":"publish","type":"post","link":"https:\/\/sabuguinho.com.br\/site\/agricultura-1a-feira-de-agricultura-regenerativa-integra-programacao-da-54a-emapa\/","title":{"rendered":"AGRICULTURA &#8211;   1\u00aa Feira de Agricultura Regenerativa integra programa\u00e7\u00e3o da 54\u00aa EMAPA"},"content":{"rendered":"<p>Evento in\u00e9dito na cidade contar\u00e1 com estandes de empresas do setor, oficinas de an\u00e1lise de solo e produ\u00e7\u00e3o de bioinsumos, al\u00e9m do 4\u00ba F\u00f3rum de Gr\u00e3os Org\u00e2nicos da Folio<\/p>\n<p>A 54\u00aa Exposi\u00e7\u00e3o Municipal Agropecu\u00e1ria e Industrial de Avar\u00e9 (EMAPA) vai ser palco da 1\u00aa Feira de Agricultura Regenerativa de Avar\u00e9.<br \/>\nO evento gratuito e in\u00e9dito na cidade \u00e9 uma realiza\u00e7\u00e3o da Prefeitura da Est\u00e2ncia Tur\u00edstica de Avar\u00e9, por meio da Secretaria Municipal de Agricultura e Abastecimento, em parceria com a Raiar Org\u00e2nicos.<br \/>\nA edi\u00e7\u00e3o acontece de 2 a 6 de dezembro. A feira vai permitir que o produtor rural tenha contato com novas pr\u00e1ticas de cultivo e tecnologias de ponta.<br \/>\nAl\u00e9m de estandes com empresas do setor, a programa\u00e7\u00e3o inclui oficinas de an\u00e1lise de solo e produ\u00e7\u00e3o de bioinsumos on-farm.<br \/>\nRa\u00edx Sementes, Bioworld, Yoorin Fertilizantes, Reminer e Morro Verde s\u00e3o algumas das empresas que estar\u00e3o no evento voltado a produtores rurais.<\/p>\n<p>F\u00f3rum Internacional de Gr\u00e3os<\/p>\n<p>Em sua quarta edi\u00e7\u00e3o, o j\u00e1 tradicional F\u00f3rum Internacional de Gr\u00e3os Org\u00e2nicos da Folio integra programa\u00e7\u00e3o da 1\u00aa Feira de Agricultura Regenerativa de Avar\u00e9<br \/>\nO evento gratuito acontece de 4 a 6 de dezembro tamb\u00e9m no sal\u00e3o de eventos localizado no recinto da EMAPA.<br \/>\nReunindo produtores, universidades, institui\u00e7\u00f5es de pesquisa e ind\u00fastria, o evento se consolidou como um importante espa\u00e7o de trocas agron\u00f4micas sobre as mais recentes tecnologias, perspectivas e oportunidades no mercado de gr\u00e3os org\u00e2nicos.<br \/>\nO tema da edi\u00e7\u00e3o de 2024 ser\u00e1 \u201cCaminhos para a elimina\u00e7\u00e3o do herbicida na agricultura tropical de gr\u00e3os\u201d.<br \/>\nA Folio \u00e9 uma associa\u00e7\u00e3o civil e sem fins lucrativos idealizada pela Raiar Org\u00e2nicos, empresa de prote\u00ednas org\u00e2nicas de Avar\u00e9, com a miss\u00e3o de promover e disseminar conhecimento e tecnologias para acelerar a transi\u00e7\u00e3o da agricultura para o modelo regenerativo org\u00e2nico.<\/p>\n<p>Inscri\u00e7\u00e3o<\/p>\n<p>Produtores rurais e interessados podem se inscrever pelo link https:\/\/www.even3.com.br\/4-forum-de-graos-organicos-da-folio-451216\/<br \/>\nA programa\u00e7\u00e3o completa tamb\u00e9m est\u00e1 dispon\u00edvel no endere\u00e7o eletr\u00f4nico. Outras informa\u00e7\u00f5es pelo e-mail contato.folio.agr.br ou pelo telefone (14) 9 9773-1324.<\/p>\n<p>EMAPA<\/p>\n<p>Maior festa com os port\u00f5es abertos do pa\u00eds, a 54\u00aa EMAPA acontece de 29 de novembro a 8 de dezembro no Parque de Exposi\u00e7\u00f5es \u201cFernando Cruz Pimentel\u201d.<br \/>\nAl\u00e9m de shows com os maiores artistas do pa\u00eds, a programa\u00e7\u00e3o da 54\u00aa EMAPA traz rodeio em touro e cavalos, queima do alho, bail\u00e3o ga\u00facho e muito mais.<br \/>\nH\u00e1 op\u00e7\u00e3o para toda a fam\u00edlia. A EMAPA vai contar com pra\u00e7a de alimenta\u00e7\u00e3o, parque de divers\u00f5es, estacionamento gratuito<br \/>\nA 54\u00aa EMAPA \u00e9 uma realiza\u00e7\u00e3o da Prefeitura da Est\u00e2ncia Tur\u00edstica de Avar\u00e9, FNR e Organiza\u00e7\u00e3o Estrela.<\/p>\n","protected":false},"excerpt":{"rendered":"<p>Evento in\u00e9dito na cidade contar\u00e1 com estandes de empresas do setor, oficinas de an\u00e1lise de solo e produ\u00e7\u00e3o de bioinsumos, al\u00e9m do 4\u00ba F\u00f3rum de Gr\u00e3os Org\u00e2nicos da Folio A 54\u00aa Exposi\u00e7\u00e3o Municipal Agropecu\u00e1ria e Industrial de Avar\u00e9 (EMAPA) vai ser palco da 1\u00aa Feira de Agricultura Regenerativa de Avar\u00e9. O evento gratuito e in\u00e9dito [&hellip;]<\/p>\n","protected":false},"author":2,"featured_media":16291,"comment_status":"open","ping_status":"open","sticky":false,"template":"","format":"standard","meta":{"footnotes":""},"categories":[58],"tags":[],"_links":{"self":[{"href":"https:\/\/sabuguinho.com.br\/site\/wp-json\/wp\/v2\/posts\/16290"}],"collection":[{"href":"https:\/\/sabuguinho.com.br\/site\/wp-json\/wp\/v2\/posts"}],"about":[{"href":"https:\/\/sabuguinho.com.br\/site\/wp-json\/wp\/v2\/types\/post"}],"author":[{"embeddable":true,"href":"https:\/\/sabuguinho.com.br\/site\/wp-json\/wp\/v2\/users\/2"}],"replies":[{"embeddable":true,"href":"https:\/\/sabuguinho.com.br\/site\/wp-json\/wp\/v2\/comments?post=16290"}],"version-history":[{"count":1,"href":"https:\/\/sabuguinho.com.br\/site\/wp-json\/wp\/v2\/posts\/16290\/revisions"}],"predecessor-version":[{"id":16292,"href":"https:\/\/sabuguinho.com.br\/site\/wp-json\/wp\/v2\/posts\/16290\/revisions\/16292"}],"wp:featuredmedia":[{"embeddable":true,"href":"https:\/\/sabuguinho.com.br\/site\/wp-json\/wp\/v2\/media\/16291"}],"wp:attachment":[{"href":"https:\/\/sabuguinho.com.br\/site\/wp-json\/wp\/v2\/media?parent=16290"}],"wp:term":[{"taxonomy":"category","embeddable":true,"href":"https:\/\/sabuguinho.com.br\/site\/wp-json\/wp\/v2\/categories?post=16290"},{"taxonomy":"post_tag","embeddable":true,"href":"https:\/\/sabuguinho.com.br\/site\/wp-json\/wp\/v2\/tags?post=16290"}],"curies":[{"name":"wp","href":"https:\/\/api.w.org\/{rel}","templated":true}]}}