{"id":16287,"date":"2024-11-25T10:34:22","date_gmt":"2024-11-25T13:34:22","guid":{"rendered":"https:\/\/sabuguinho.com.br\/site\/?p=16287"},"modified":"2024-11-25T10:34:22","modified_gmt":"2024-11-25T13:34:22","slug":"itai-presta-homenagem-as-vitimas-do-tragico-acidente-que-vitimou-40-pessoas-em-2020","status":"publish","type":"post","link":"https:\/\/sabuguinho.com.br\/site\/itai-presta-homenagem-as-vitimas-do-tragico-acidente-que-vitimou-40-pessoas-em-2020\/","title":{"rendered":"ITA\u00cd PRESTA HOMENAGEM \u00c0S V\u00cdTIMAS DO TR\u00c1GICO ACIDENTE QUE VITIMOU 40 PESSOAS EM 2020"},"content":{"rendered":"<p>Ita\u00ed se prepara para mais um momento de como\u00e7\u00e3o e luto. Na segunda-feira (25), feriado municipal, ser\u00e1 realizada uma homenagem \u00e0s 40 v\u00edtimas do tr\u00e1gico acidente ocorrido em 2020, envolvendo um \u00f4nibus e uma carreta na rodovia que liga Ita\u00ed a Tagua\u00ed.<br \/>\nOs passageiros do \u00f4nibus, em sua maioria trabalhadores de uma f\u00e1brica de costura, seguiam para mais um dia de trabalho quando a trag\u00e9dia os atingiu. A cidade, marcada pela dor da perda, n\u00e3o esquece os seus entes queridos e a cada ano realiza uma cerim\u00f4nia em mem\u00f3ria das v\u00edtimas.<br \/>\nA cerim\u00f4nia ocorrer\u00e1 em frente ao memorial das v\u00edtimas, localizado na Pra\u00e7a da Bandeira, em frente \u00e0 Prefeitura, a partir das 9h. Familiares, amigos e a comunidade em geral est\u00e3o convidados a participar deste momento de reflex\u00e3o e respeito.<br \/>\nO memorial, inaugurado ap\u00f3s o acidente, serve como um local de homenagem e de encontro para aqueles que perderam seus entes queridos. Nele, est\u00e3o inscritos os nomes das v\u00edtimas, al\u00e9m de placas e fotos que relembram a trag\u00e9dia.<br \/>\nA trag\u00e9dia de 2020 abalou profundamente a comunidade de Ita\u00ed e de toda a regi\u00e3o. A perda de tantas vidas, em um \u00fanico evento, deixou marcas profundas na cidade. A homenagem anual serve como um momento de unir a comunidade, prestar solidariedade \u00e0s fam\u00edlias enlutadas e manter viva a mem\u00f3ria daqueles que se foram.<\/p>\n<p>MISSA \u2013 Neste domingo (24), ser\u00e1 realizada uma missa em mem\u00f3ria das v\u00edtimas na Igreja Matriz de Santo Ant\u00f4nio, \u00e0s 19h30.<\/p>\n","protected":false},"excerpt":{"rendered":"<p>Ita\u00ed se prepara para mais um momento de como\u00e7\u00e3o e luto. Na segunda-feira (25), feriado municipal, ser\u00e1 realizada uma homenagem \u00e0s 40 v\u00edtimas do tr\u00e1gico acidente ocorrido em 2020, envolvendo um \u00f4nibus e uma carreta na rodovia que liga Ita\u00ed a Tagua\u00ed. Os passageiros do \u00f4nibus, em sua maioria trabalhadores de uma f\u00e1brica de costura, [&hellip;]<\/p>\n","protected":false},"author":2,"featured_media":16288,"comment_status":"open","ping_status":"open","sticky":false,"template":"","format":"standard","meta":{"footnotes":""},"categories":[51],"tags":[],"_links":{"self":[{"href":"https:\/\/sabuguinho.com.br\/site\/wp-json\/wp\/v2\/posts\/16287"}],"collection":[{"href":"https:\/\/sabuguinho.com.br\/site\/wp-json\/wp\/v2\/posts"}],"about":[{"href":"https:\/\/sabuguinho.com.br\/site\/wp-json\/wp\/v2\/types\/post"}],"author":[{"embeddable":true,"href":"https:\/\/sabuguinho.com.br\/site\/wp-json\/wp\/v2\/users\/2"}],"replies":[{"embeddable":true,"href":"https:\/\/sabuguinho.com.br\/site\/wp-json\/wp\/v2\/comments?post=16287"}],"version-history":[{"count":1,"href":"https:\/\/sabuguinho.com.br\/site\/wp-json\/wp\/v2\/posts\/16287\/revisions"}],"predecessor-version":[{"id":16289,"href":"https:\/\/sabuguinho.com.br\/site\/wp-json\/wp\/v2\/posts\/16287\/revisions\/16289"}],"wp:featuredmedia":[{"embeddable":true,"href":"https:\/\/sabuguinho.com.br\/site\/wp-json\/wp\/v2\/media\/16288"}],"wp:attachment":[{"href":"https:\/\/sabuguinho.com.br\/site\/wp-json\/wp\/v2\/media?parent=16287"}],"wp:term":[{"taxonomy":"category","embeddable":true,"href":"https:\/\/sabuguinho.com.br\/site\/wp-json\/wp\/v2\/categories?post=16287"},{"taxonomy":"post_tag","embeddable":true,"href":"https:\/\/sabuguinho.com.br\/site\/wp-json\/wp\/v2\/tags?post=16287"}],"curies":[{"name":"wp","href":"https:\/\/api.w.org\/{rel}","templated":true}]}}