{"id":16263,"date":"2024-11-24T16:39:02","date_gmt":"2024-11-24T19:39:02","guid":{"rendered":"https:\/\/sabuguinho.com.br\/site\/?p=16263"},"modified":"2024-11-24T16:39:02","modified_gmt":"2024-11-24T19:39:02","slug":"jovem-que-morreu-afogada-na-represa-de-jurumirim-sera-sepultada-neste-domingo-24-em-avare","status":"publish","type":"post","link":"https:\/\/sabuguinho.com.br\/site\/jovem-que-morreu-afogada-na-represa-de-jurumirim-sera-sepultada-neste-domingo-24-em-avare\/","title":{"rendered":"JOVEM QUE MORREU AFOGADA NA REPRESA DE JURUMIRIM SER\u00c1 SEPULTADA NESTE DOMINGO (24) EM AVAR\u00c9"},"content":{"rendered":"<p>O corpo de T\u00e2nia Evelyn de Souza Campos, de 22 anos, ser\u00e1 sepultado na tarde deste domingo (24) no Cemit\u00e9rio Municipal de Avar\u00e9.<br \/>\nA jovem morreu afogada na Represa de Jurumirim na tarde de s\u00e1bado (23). Ela estava acompanhada de uma amiga quando afundou. Pessoas que estavam no local tentaram salvar ela, mas sem sucesso.<br \/>\nApesar dos esfor\u00e7os de pessoas que estavam no local e dos bombeiros, que foram acionados rapidamente, n\u00e3o foi poss\u00edvel salvar T\u00e2nia. Cerca de 20 minutos ap\u00f3s o desaparecimento, seu corpo foi localizado e encaminhado ao Pronto Socorro Municipal, onde o \u00f3bito foi constatado.<br \/>\nA not\u00edcia da morte de T\u00e2nia causou grande como\u00e7\u00e3o em Avar\u00e9. A jovem est\u00e1 sendo velada no Vel\u00f3rio Municipal e o sepultamento est\u00e1 previsto para ocorrer \u00e0s 16h30 no Cemit\u00e9rio Municipal.<\/p>\n","protected":false},"excerpt":{"rendered":"<p>O corpo de T\u00e2nia Evelyn de Souza Campos, de 22 anos, ser\u00e1 sepultado na tarde deste domingo (24) no Cemit\u00e9rio Municipal de Avar\u00e9. A jovem morreu afogada na Represa de Jurumirim na tarde de s\u00e1bado (23). Ela estava acompanhada de uma amiga quando afundou. Pessoas que estavam no local tentaram salvar ela, mas sem sucesso. [&hellip;]<\/p>\n","protected":false},"author":2,"featured_media":16264,"comment_status":"open","ping_status":"open","sticky":false,"template":"","format":"standard","meta":{"footnotes":""},"categories":[52],"tags":[],"_links":{"self":[{"href":"https:\/\/sabuguinho.com.br\/site\/wp-json\/wp\/v2\/posts\/16263"}],"collection":[{"href":"https:\/\/sabuguinho.com.br\/site\/wp-json\/wp\/v2\/posts"}],"about":[{"href":"https:\/\/sabuguinho.com.br\/site\/wp-json\/wp\/v2\/types\/post"}],"author":[{"embeddable":true,"href":"https:\/\/sabuguinho.com.br\/site\/wp-json\/wp\/v2\/users\/2"}],"replies":[{"embeddable":true,"href":"https:\/\/sabuguinho.com.br\/site\/wp-json\/wp\/v2\/comments?post=16263"}],"version-history":[{"count":1,"href":"https:\/\/sabuguinho.com.br\/site\/wp-json\/wp\/v2\/posts\/16263\/revisions"}],"predecessor-version":[{"id":16265,"href":"https:\/\/sabuguinho.com.br\/site\/wp-json\/wp\/v2\/posts\/16263\/revisions\/16265"}],"wp:featuredmedia":[{"embeddable":true,"href":"https:\/\/sabuguinho.com.br\/site\/wp-json\/wp\/v2\/media\/16264"}],"wp:attachment":[{"href":"https:\/\/sabuguinho.com.br\/site\/wp-json\/wp\/v2\/media?parent=16263"}],"wp:term":[{"taxonomy":"category","embeddable":true,"href":"https:\/\/sabuguinho.com.br\/site\/wp-json\/wp\/v2\/categories?post=16263"},{"taxonomy":"post_tag","embeddable":true,"href":"https:\/\/sabuguinho.com.br\/site\/wp-json\/wp\/v2\/tags?post=16263"}],"curies":[{"name":"wp","href":"https:\/\/api.w.org\/{rel}","templated":true}]}}