{"id":16200,"date":"2024-11-23T18:16:33","date_gmt":"2024-11-23T21:16:33","guid":{"rendered":"https:\/\/sabuguinho.com.br\/site\/?p=16200"},"modified":"2024-11-23T20:20:32","modified_gmt":"2024-11-23T23:20:32","slug":"cada-um-na-sua-conta-adryana-ribeiro-sobre-relacao-com-o-marido","status":"publish","type":"post","link":"https:\/\/sabuguinho.com.br\/site\/cada-um-na-sua-conta-adryana-ribeiro-sobre-relacao-com-o-marido\/","title":{"rendered":"\u201cCada um na sua\u201d, conta Adryana Ribeiro sobre rela\u00e7\u00e3o com o marido"},"content":{"rendered":"<p>A cantora est\u00e1 casada h\u00e1 seis anos com Albert Bressan, que vem protagonizando pol\u00eamicas em A Fazenda 16, reality rural da Record<\/p>\n<p>F\u00e1bia Oliveira<\/p>\n<p>Com o marido em A Fazenda 16, Adryana Ribeiro contou algumas curiosidades da rela\u00e7\u00e3o de seis anos com Albert Bressan. A cantora explicou que os dois n\u00e3o dividem o mesmo teto, mesmo sendo casados e explicou por qu\u00ea.<br \/>\n\u201cEu tenho uma rela\u00e7\u00e3o muito interessante com ele. Voc\u00ea sabe que mora cada um em um apartamento, n\u00e9? Ele mora no 17\u00ba e eu moro no 4\u00ba andar. T\u00e1 de boa. Cada um na sua\u201d, contou.<br \/>\nQuestionada por Lida Gomes, apresentadora do bate-papo, se era uma rela\u00e7\u00e3o aberta, Adryana negou: \u201cN\u00e3o. N\u00e3o assim, da conta dos outros. A gente \u00e9 bem resolvido. A gente se respeita pra caramba, n\u00e3o tem espa\u00e7o [pra terceiros]. A gente dorme junto todo dia\u201d.<br \/>\nRibeiro completou: \u201cEle n\u00e3o dorme na minha [casa] por causa do gato. Ele \u00e9 al\u00e9rgico. Ele fala comigo de manh\u00e3, de tarde, de noite, de madrugada. \u00c9 uma cumplicidade, uma harmonia muito bonita. Eu nunca morei com ningu\u00e9m, o m\u00e1ximo que vivi foi com ele\u201d.<br \/>\nAdryana Ribeiro lembrou que, por conta da carreira na m\u00fasica, sempre teve uma rotina bastante atribulada. \u201cA minha vida, \u00e9 muito louco isso\u2026 eu morei na van, no avi\u00e3o, na kitnet. E eu nunca tive um homem que me assumisse, como ele me assumiu, de entrar na minha vida, na minha carreia, de ser um gestor\u201d, ressaltou.<br \/>\nRecentemente, a artista comentou a participa\u00e7\u00e3o do companheiro no reality rural da Record. Bressan protagonizou algumas pol\u00eamicas, como com Luana Targino:<br \/>\n\u201cVoc\u00ea pode, pela press\u00e3o, meter os p\u00e9s pelas m\u00e3os, se equivocar, e ele teve momentos de equ\u00edvoco, mas isso \u00e9 devido ao confinamento. Ele \u00e9 um jogador, entrou com a cabe\u00e7a de jogador. N\u00e3o tem maldade\u201d, garantiu em conversa exclusiva com a coluna F\u00e1bia Oliveira.<br \/>\nAlbert foi criticado por suas falas direcionadas \u00e0 Luana e seu modo de se vestir. \u201cEla [Luana] \u00e9 uma madame de chap\u00e9u aqui. Eu vejo que ela continua passando em ambientes de um jeito cada vez mais ousado. Isso, pra mim, como pai de fam\u00edlia, como homem\u2026 Tem muito espelho, n\u00e3o tem como n\u00e3o olhar\u201d, disse ele.<br \/>\nAdryana Ribeiro tamb\u00e9m comentou sobre a brincadeira de Albert ao imitar a rival. Na semana passada, ele puxou a cueca e abaixou as cal\u00e7as para zombar de Luana:<br \/>\n\u201cEle \u00e9 muito reativo, n\u00e3o soube se colocar, fez uma brincadeira de mau gosto que ele j\u00e1 pediu desculpa, acho que isso \u00e9 muito importante. Se redimiu? Bola pra frente, segue o jogo. N\u00e3o acho que ela esteja fazendo isso para provoc\u00e1-lo, mas se estiver fazendo, faz parte do jogo\u201d, enfatizou<\/p>\n<p><img loading=\"lazy\" decoding=\"async\" src=\"https:\/\/sabuguinho.com.br\/site\/wp-content\/uploads\/2024\/11\/1f9bee33eab3645f49c0964704ed08b5-150x100.jpg\" alt=\"\" width=\"150\" height=\"100\" class=\"alignnone size-medium wp-image-16201\" srcset=\"https:\/\/sabuguinho.com.br\/site\/wp-content\/uploads\/2024\/11\/1f9bee33eab3645f49c0964704ed08b5-150x100.jpg 150w, https:\/\/sabuguinho.com.br\/site\/wp-content\/uploads\/2024\/11\/1f9bee33eab3645f49c0964704ed08b5-512x341.jpg 512w, https:\/\/sabuguinho.com.br\/site\/wp-content\/uploads\/2024\/11\/1f9bee33eab3645f49c0964704ed08b5-768x512.jpg 768w, https:\/\/sabuguinho.com.br\/site\/wp-content\/uploads\/2024\/11\/1f9bee33eab3645f49c0964704ed08b5-750x500.jpg 750w, https:\/\/sabuguinho.com.br\/site\/wp-content\/uploads\/2024\/11\/1f9bee33eab3645f49c0964704ed08b5-1140x760.jpg 1140w, https:\/\/sabuguinho.com.br\/site\/wp-content\/uploads\/2024\/11\/1f9bee33eab3645f49c0964704ed08b5.jpg 1200w\" sizes=\"(max-width: 150px) 100vw, 150px\" \/><\/p>\n<p><img loading=\"lazy\" decoding=\"async\" src=\"https:\/\/sabuguinho.com.br\/site\/wp-content\/uploads\/2024\/11\/50a48cccd41cf07bccb19762f2a0e58a-150x100.jpg\" alt=\"\" width=\"150\" height=\"100\" class=\"alignnone size-medium wp-image-16202\" srcset=\"https:\/\/sabuguinho.com.br\/site\/wp-content\/uploads\/2024\/11\/50a48cccd41cf07bccb19762f2a0e58a-150x100.jpg 150w, https:\/\/sabuguinho.com.br\/site\/wp-content\/uploads\/2024\/11\/50a48cccd41cf07bccb19762f2a0e58a-512x341.jpg 512w, https:\/\/sabuguinho.com.br\/site\/wp-content\/uploads\/2024\/11\/50a48cccd41cf07bccb19762f2a0e58a-768x512.jpg 768w, https:\/\/sabuguinho.com.br\/site\/wp-content\/uploads\/2024\/11\/50a48cccd41cf07bccb19762f2a0e58a-750x500.jpg 750w, https:\/\/sabuguinho.com.br\/site\/wp-content\/uploads\/2024\/11\/50a48cccd41cf07bccb19762f2a0e58a-1140x760.jpg 1140w, https:\/\/sabuguinho.com.br\/site\/wp-content\/uploads\/2024\/11\/50a48cccd41cf07bccb19762f2a0e58a.jpg 1200w\" sizes=\"(max-width: 150px) 100vw, 150px\" \/><\/p>\n<p><img loading=\"lazy\" decoding=\"async\" src=\"https:\/\/sabuguinho.com.br\/site\/wp-content\/uploads\/2024\/11\/7e473bc40e96bb384b53acdaa5098c93.avif\" alt=\"\" width=\"123\" height=\"150\" class=\"alignnone size-medium wp-image-16203\" \/><\/p>\n<p><img loading=\"lazy\" decoding=\"async\" src=\"https:\/\/sabuguinho.com.br\/site\/wp-content\/uploads\/2024\/11\/196ff90831ac368ab6aa41e67ad5cec4.avif\" alt=\"\" width=\"150\" height=\"99\" class=\"alignnone size-medium wp-image-16204\" \/><\/p>\n","protected":false},"excerpt":{"rendered":"<p>A cantora est\u00e1 casada h\u00e1 seis anos com Albert Bressan, que vem protagonizando pol\u00eamicas em A Fazenda 16, reality rural da Record F\u00e1bia Oliveira Com o marido em A Fazenda 16, Adryana Ribeiro contou algumas curiosidades da rela\u00e7\u00e3o de seis anos com Albert Bressan. A cantora explicou que os dois n\u00e3o dividem o mesmo teto, [&hellip;]<\/p>\n","protected":false},"author":2,"featured_media":16205,"comment_status":"open","ping_status":"open","sticky":false,"template":"","format":"standard","meta":{"footnotes":""},"categories":[56],"tags":[],"_links":{"self":[{"href":"https:\/\/sabuguinho.com.br\/site\/wp-json\/wp\/v2\/posts\/16200"}],"collection":[{"href":"https:\/\/sabuguinho.com.br\/site\/wp-json\/wp\/v2\/posts"}],"about":[{"href":"https:\/\/sabuguinho.com.br\/site\/wp-json\/wp\/v2\/types\/post"}],"author":[{"embeddable":true,"href":"https:\/\/sabuguinho.com.br\/site\/wp-json\/wp\/v2\/users\/2"}],"replies":[{"embeddable":true,"href":"https:\/\/sabuguinho.com.br\/site\/wp-json\/wp\/v2\/comments?post=16200"}],"version-history":[{"count":1,"href":"https:\/\/sabuguinho.com.br\/site\/wp-json\/wp\/v2\/posts\/16200\/revisions"}],"predecessor-version":[{"id":16206,"href":"https:\/\/sabuguinho.com.br\/site\/wp-json\/wp\/v2\/posts\/16200\/revisions\/16206"}],"wp:featuredmedia":[{"embeddable":true,"href":"https:\/\/sabuguinho.com.br\/site\/wp-json\/wp\/v2\/media\/16205"}],"wp:attachment":[{"href":"https:\/\/sabuguinho.com.br\/site\/wp-json\/wp\/v2\/media?parent=16200"}],"wp:term":[{"taxonomy":"category","embeddable":true,"href":"https:\/\/sabuguinho.com.br\/site\/wp-json\/wp\/v2\/categories?post=16200"},{"taxonomy":"post_tag","embeddable":true,"href":"https:\/\/sabuguinho.com.br\/site\/wp-json\/wp\/v2\/tags?post=16200"}],"curies":[{"name":"wp","href":"https:\/\/api.w.org\/{rel}","templated":true}]}}