{"id":16140,"date":"2024-11-22T14:21:56","date_gmt":"2024-11-22T17:21:56","guid":{"rendered":"https:\/\/sabuguinho.com.br\/site\/?p=16140"},"modified":"2024-11-22T14:21:56","modified_gmt":"2024-11-22T17:21:56","slug":"esporte-jovens-de-avare-conquistam-prata-e-bronze-no-campeonato-brasileiro-de-karate","status":"publish","type":"post","link":"https:\/\/sabuguinho.com.br\/site\/esporte-jovens-de-avare-conquistam-prata-e-bronze-no-campeonato-brasileiro-de-karate\/","title":{"rendered":"ESPORTE &#8211;  Jovens de Avar\u00e9 conquistam prata e bronze no Campeonato Brasileiro de Karat\u00ea"},"content":{"rendered":"<p>Final que reuniu competidores de todo o pa\u00eds foi realizada na capital pernambucana<\/p>\n<p>Jovens atletas de Avar\u00e9 conquistaram medalhas de prata e bronze na final do Campeonato Brasileiro de Karat\u00ea.<br \/>\nKaratecas de categorias de base de todo o pa\u00eds participaram da disputa realizada entre 12 e 17 de novembro no Clube Portugu\u00eas do Recife, capital de Pernambuco.<br \/>\nO Campeonato Brasileiro de Karat\u00ea \u00e9 organizado pela Confedera\u00e7\u00e3o Brasileira de Karat\u00ea (CBK) e pela Federa\u00e7\u00e3o Pernambucana das Associa\u00e7\u00f5es do Karat\u00ea (FPAK), com apoio do Governo de Pernambuco.<\/p>\n<p>Resultados<\/p>\n<p>Emanuely Oliria Zaia Piazza conquistou medalha de prata e Alice Simonassi Ragazzini Henrique ficou em 5\u00b0 lugar na categoria sub 14 2\u00b0 Kyu acima.<br \/>\nAs representantes de Avar\u00e9 disputaram com 15 atletas de outros estados brasileiros.<br \/>\nJ\u00e1 Rodolpho Saturnino G\u00f3is superou 19 concorrentes e trouxe pra casa medalha de prata na categoria Cadete 2\u00b0 Kyu acima.<br \/>\nAl\u00e9m do resultado no Campeonato Brasileiro de Karat\u00ea, Alice Simonassi pegou bronze na categoria sub 14 2\u00b0 Kyu acima na final do Campeonato Brasileiro Estudantil realizada na mesma ocasi\u00e3o.<br \/>\nOs atletas do sensei Clodoaldo da Silva tiveram apoio da Secretaria Municipal de Esporte e Lazer para o transporte.<\/p>\n<p><img loading=\"lazy\" decoding=\"async\" src=\"https:\/\/sabuguinho.com.br\/site\/wp-content\/uploads\/2024\/11\/Atletas-de-Avare-comemoram-resultado-ao-lado-do-tecnico-Clodoaldo-2-96x150.jpeg\" alt=\"\" width=\"96\" height=\"150\" class=\"alignnone size-medium wp-image-16141\" srcset=\"https:\/\/sabuguinho.com.br\/site\/wp-content\/uploads\/2024\/11\/Atletas-de-Avare-comemoram-resultado-ao-lado-do-tecnico-Clodoaldo-2-96x150.jpeg 96w, https:\/\/sabuguinho.com.br\/site\/wp-content\/uploads\/2024\/11\/Atletas-de-Avare-comemoram-resultado-ao-lado-do-tecnico-Clodoaldo-2-326x512.jpeg 326w, https:\/\/sabuguinho.com.br\/site\/wp-content\/uploads\/2024\/11\/Atletas-de-Avare-comemoram-resultado-ao-lado-do-tecnico-Clodoaldo-2-768x1205.jpeg 768w, https:\/\/sabuguinho.com.br\/site\/wp-content\/uploads\/2024\/11\/Atletas-de-Avare-comemoram-resultado-ao-lado-do-tecnico-Clodoaldo-2-750x1177.jpeg 750w, https:\/\/sabuguinho.com.br\/site\/wp-content\/uploads\/2024\/11\/Atletas-de-Avare-comemoram-resultado-ao-lado-do-tecnico-Clodoaldo-2.jpeg 826w\" sizes=\"(max-width: 96px) 100vw, 96px\" \/><\/p>\n<p><img loading=\"lazy\" decoding=\"async\" src=\"https:\/\/sabuguinho.com.br\/site\/wp-content\/uploads\/2024\/11\/Atletas-de-Avare-comemoram-resultado-ao-lado-do-tecnico-Clodoaldo-1-113x150.jpeg\" alt=\"\" width=\"113\" height=\"150\" class=\"alignnone size-medium wp-image-16142\" srcset=\"https:\/\/sabuguinho.com.br\/site\/wp-content\/uploads\/2024\/11\/Atletas-de-Avare-comemoram-resultado-ao-lado-do-tecnico-Clodoaldo-1-113x150.jpeg 113w, https:\/\/sabuguinho.com.br\/site\/wp-content\/uploads\/2024\/11\/Atletas-de-Avare-comemoram-resultado-ao-lado-do-tecnico-Clodoaldo-1-384x512.jpeg 384w, https:\/\/sabuguinho.com.br\/site\/wp-content\/uploads\/2024\/11\/Atletas-de-Avare-comemoram-resultado-ao-lado-do-tecnico-Clodoaldo-1-768x1024.jpeg 768w, https:\/\/sabuguinho.com.br\/site\/wp-content\/uploads\/2024\/11\/Atletas-de-Avare-comemoram-resultado-ao-lado-do-tecnico-Clodoaldo-1-1152x1536.jpeg 1152w, https:\/\/sabuguinho.com.br\/site\/wp-content\/uploads\/2024\/11\/Atletas-de-Avare-comemoram-resultado-ao-lado-do-tecnico-Clodoaldo-1-750x1000.jpeg 750w, https:\/\/sabuguinho.com.br\/site\/wp-content\/uploads\/2024\/11\/Atletas-de-Avare-comemoram-resultado-ao-lado-do-tecnico-Clodoaldo-1-1140x1520.jpeg 1140w, https:\/\/sabuguinho.com.br\/site\/wp-content\/uploads\/2024\/11\/Atletas-de-Avare-comemoram-resultado-ao-lado-do-tecnico-Clodoaldo-1.jpeg 1200w\" sizes=\"(max-width: 113px) 100vw, 113px\" \/><\/p>\n","protected":false},"excerpt":{"rendered":"<p>Final que reuniu competidores de todo o pa\u00eds foi realizada na capital pernambucana Jovens atletas de Avar\u00e9 conquistaram medalhas de prata e bronze na final do Campeonato Brasileiro de Karat\u00ea. Karatecas de categorias de base de todo o pa\u00eds participaram da disputa realizada entre 12 e 17 de novembro no Clube Portugu\u00eas do Recife, capital [&hellip;]<\/p>\n","protected":false},"author":2,"featured_media":16143,"comment_status":"open","ping_status":"open","sticky":false,"template":"","format":"standard","meta":{"footnotes":""},"categories":[45],"tags":[],"_links":{"self":[{"href":"https:\/\/sabuguinho.com.br\/site\/wp-json\/wp\/v2\/posts\/16140"}],"collection":[{"href":"https:\/\/sabuguinho.com.br\/site\/wp-json\/wp\/v2\/posts"}],"about":[{"href":"https:\/\/sabuguinho.com.br\/site\/wp-json\/wp\/v2\/types\/post"}],"author":[{"embeddable":true,"href":"https:\/\/sabuguinho.com.br\/site\/wp-json\/wp\/v2\/users\/2"}],"replies":[{"embeddable":true,"href":"https:\/\/sabuguinho.com.br\/site\/wp-json\/wp\/v2\/comments?post=16140"}],"version-history":[{"count":1,"href":"https:\/\/sabuguinho.com.br\/site\/wp-json\/wp\/v2\/posts\/16140\/revisions"}],"predecessor-version":[{"id":16144,"href":"https:\/\/sabuguinho.com.br\/site\/wp-json\/wp\/v2\/posts\/16140\/revisions\/16144"}],"wp:featuredmedia":[{"embeddable":true,"href":"https:\/\/sabuguinho.com.br\/site\/wp-json\/wp\/v2\/media\/16143"}],"wp:attachment":[{"href":"https:\/\/sabuguinho.com.br\/site\/wp-json\/wp\/v2\/media?parent=16140"}],"wp:term":[{"taxonomy":"category","embeddable":true,"href":"https:\/\/sabuguinho.com.br\/site\/wp-json\/wp\/v2\/categories?post=16140"},{"taxonomy":"post_tag","embeddable":true,"href":"https:\/\/sabuguinho.com.br\/site\/wp-json\/wp\/v2\/tags?post=16140"}],"curies":[{"name":"wp","href":"https:\/\/api.w.org\/{rel}","templated":true}]}}