{"id":1613,"date":"2023-12-14T15:19:21","date_gmt":"2023-12-14T18:19:21","guid":{"rendered":"https:\/\/sabuguinho.com.br\/site\/?p=1613"},"modified":"2023-12-14T15:19:21","modified_gmt":"2023-12-14T18:19:21","slug":"turismo-ancr-anuncia-construcao-de-nova-pista-no-recinto-da-emapa","status":"publish","type":"post","link":"https:\/\/sabuguinho.com.br\/site\/turismo-ancr-anuncia-construcao-de-nova-pista-no-recinto-da-emapa\/","title":{"rendered":"TURISMO &#8211; ANCR anuncia constru\u00e7\u00e3o de nova pista no recinto da Emapa"},"content":{"rendered":"<p>Pista anterior foi derrubada pelo vendaval; concess\u00e3o que prev\u00ea melhoria precisa ser votada ainda este m\u00eas pela C\u00e2mara<\/p>\n<p>A Associa\u00e7\u00e3o Nacional do Cavalo de R\u00e9deas (ANCR) anunciou a constru\u00e7\u00e3o de uma nova pista de provas no lugar daquela que foi derrubada pelo vendaval que causou estragos no in\u00edcio de novembro em Avar\u00e9.<br \/>\nA decis\u00e3o foi comemorada pelo prefeito J\u00f4 Silvestre. Avar\u00e9 se tornou sede da ANCR gra\u00e7as ao incentivo p\u00fablico.<br \/>\n\u201cS\u00e3o realizadas tr\u00eas provas de r\u00e9deas por ano, incluindo o campeonato internacional que recebe competidores sul-americanos e ju\u00edzes estrangeiros. S\u00e3o eventos que movimentam a economia e o turismo da cidade\u201d, ressalta o chefe do Executivo.<br \/>\nLocalizada no Parque de Exposi\u00e7\u00f5es \u201cFernando Cruz Pimentel\u201d, a pista 2 foi concedida \u00e0 entidade em fevereiro pela Prefeitura da Est\u00e2ncia Tur\u00edstica de Avar\u00e9. O contrato previa investimento de R$ 3 milh\u00f5es como contrapartida.<\/p>\n<p>Nova concess\u00e3o<\/p>\n<p>Na concess\u00e3o que agora ser\u00e1 renovada, a entidade se compromete a construir um local de provas moderno com mais de 6 mil metros quadrados.<br \/>\nPara ter validade, o projeto precisa ser aprovado pela C\u00e2mara de Avar\u00e9 at\u00e9 o final de dezembro.<br \/>\nJ\u00f4 Silvestre afirmou que a continuidade da parceria vai refor\u00e7ar uma voca\u00e7\u00e3o natural de Avar\u00e9, conhecida como a Capital Nacional do Cavalo.<\/p>\n<p><img loading=\"lazy\" decoding=\"async\" src=\"https:\/\/sabuguinho.com.br\/site\/wp-content\/uploads\/2023\/12\/Antiga-pista-foi-completamente-destruida-pelo-vendaval-de-novembro-150x84.jpeg\" alt=\"\" width=\"150\" height=\"84\" class=\"alignnone size-medium wp-image-1614\" srcset=\"https:\/\/sabuguinho.com.br\/site\/wp-content\/uploads\/2023\/12\/Antiga-pista-foi-completamente-destruida-pelo-vendaval-de-novembro-150x84.jpeg 150w, https:\/\/sabuguinho.com.br\/site\/wp-content\/uploads\/2023\/12\/Antiga-pista-foi-completamente-destruida-pelo-vendaval-de-novembro-512x288.jpeg 512w, https:\/\/sabuguinho.com.br\/site\/wp-content\/uploads\/2023\/12\/Antiga-pista-foi-completamente-destruida-pelo-vendaval-de-novembro-768x432.jpeg 768w, https:\/\/sabuguinho.com.br\/site\/wp-content\/uploads\/2023\/12\/Antiga-pista-foi-completamente-destruida-pelo-vendaval-de-novembro-750x422.jpeg 750w, https:\/\/sabuguinho.com.br\/site\/wp-content\/uploads\/2023\/12\/Antiga-pista-foi-completamente-destruida-pelo-vendaval-de-novembro-1140x641.jpeg 1140w, https:\/\/sabuguinho.com.br\/site\/wp-content\/uploads\/2023\/12\/Antiga-pista-foi-completamente-destruida-pelo-vendaval-de-novembro.jpeg 1280w\" sizes=\"auto, (max-width: 150px) 100vw, 150px\" \/><\/p>\n","protected":false},"excerpt":{"rendered":"<p>Pista anterior foi derrubada pelo vendaval; concess\u00e3o que prev\u00ea melhoria precisa ser votada ainda este m\u00eas pela C\u00e2mara A Associa\u00e7\u00e3o Nacional do Cavalo de R\u00e9deas (ANCR) anunciou a constru\u00e7\u00e3o de uma nova pista de provas no lugar daquela que foi derrubada pelo vendaval que causou estragos no in\u00edcio de novembro em Avar\u00e9. A decis\u00e3o foi [&hellip;]<\/p>\n","protected":false},"author":2,"featured_media":1615,"comment_status":"open","ping_status":"open","sticky":false,"template":"","format":"standard","meta":{"footnotes":""},"categories":[58],"tags":[],"class_list":["post-1613","post","type-post","status-publish","format-standard","has-post-thumbnail","hentry","category-noticias-locais"],"_links":{"self":[{"href":"https:\/\/sabuguinho.com.br\/site\/wp-json\/wp\/v2\/posts\/1613","targetHints":{"allow":["GET"]}}],"collection":[{"href":"https:\/\/sabuguinho.com.br\/site\/wp-json\/wp\/v2\/posts"}],"about":[{"href":"https:\/\/sabuguinho.com.br\/site\/wp-json\/wp\/v2\/types\/post"}],"author":[{"embeddable":true,"href":"https:\/\/sabuguinho.com.br\/site\/wp-json\/wp\/v2\/users\/2"}],"replies":[{"embeddable":true,"href":"https:\/\/sabuguinho.com.br\/site\/wp-json\/wp\/v2\/comments?post=1613"}],"version-history":[{"count":1,"href":"https:\/\/sabuguinho.com.br\/site\/wp-json\/wp\/v2\/posts\/1613\/revisions"}],"predecessor-version":[{"id":1616,"href":"https:\/\/sabuguinho.com.br\/site\/wp-json\/wp\/v2\/posts\/1613\/revisions\/1616"}],"wp:featuredmedia":[{"embeddable":true,"href":"https:\/\/sabuguinho.com.br\/site\/wp-json\/wp\/v2\/media\/1615"}],"wp:attachment":[{"href":"https:\/\/sabuguinho.com.br\/site\/wp-json\/wp\/v2\/media?parent=1613"}],"wp:term":[{"taxonomy":"category","embeddable":true,"href":"https:\/\/sabuguinho.com.br\/site\/wp-json\/wp\/v2\/categories?post=1613"},{"taxonomy":"post_tag","embeddable":true,"href":"https:\/\/sabuguinho.com.br\/site\/wp-json\/wp\/v2\/tags?post=1613"}],"curies":[{"name":"wp","href":"https:\/\/api.w.org\/{rel}","templated":true}]}}