{"id":1606,"date":"2023-12-14T13:21:00","date_gmt":"2023-12-14T16:21:00","guid":{"rendered":"https:\/\/sabuguinho.com.br\/site\/?p=1606"},"modified":"2023-12-14T13:21:00","modified_gmt":"2023-12-14T16:21:00","slug":"vacina-contra-covid-fartura-inicia-campanha-de-reforco-contra-omicron","status":"publish","type":"post","link":"https:\/\/sabuguinho.com.br\/site\/vacina-contra-covid-fartura-inicia-campanha-de-reforco-contra-omicron\/","title":{"rendered":"Vacina contra Covid: Fartura inicia Campanha de refor\u00e7o contra \u00d4micron"},"content":{"rendered":"<p>Diante da detec\u00e7\u00e3o da variante BA.2.86 da \u00d4micron, Fartura adota medidas preventivas e inicia nova etapa de vacina\u00e7\u00e3o para grupos priorit\u00e1rios nos postos de sa\u00fade da cidade<br \/>\nA partir de segunda-feira, 18 de dezembro, os postos de sa\u00fade da cidade estar\u00e3o disponibilizando a nova dose de refor\u00e7o da vacina Pfizer Bivalente contra a Covid-19. A campanha de imuniza\u00e7\u00e3o ser\u00e1 direcionada aos seguintes grupos priorit\u00e1rios:<br \/>\nPessoas com 60 anos ou mais: Para aqueles que receberam a \u00faltima dose da vacina bivalente h\u00e1 mais de 6 meses.<br \/>\nImunocomprometidos acima de 12 anos de idade: Indiv\u00edduos com condi\u00e7\u00f5es que comprometem o sistema imunol\u00f3gico, que tenham recebido a \u00faltima dose da vacina bivalente h\u00e1 mais de 6 meses.<\/p>\n<p>O cronograma de vacina\u00e7\u00e3o por Unidade de Sa\u00fade ser\u00e1 o seguinte:<\/p>\n<p>Segunda-feira: ESF Vila de F\u00e1tima<\/p>\n<p>Ter\u00e7a e Quarta-feira: Centro de Sa\u00fade<\/p>\n<p>Quinta-feira: ESF Bela Vista<\/p>\n<p>Sexta-feira: ESF S\u00e3o Caetano<\/p>\n<p>O hor\u00e1rio de atendimento ser\u00e1 das 7h \u00e0s 11h e das 13h \u00e0s 17h em todos os dias e locais mencionados.<br \/>\nEstas medidas t\u00eam como objetivo conter a propaga\u00e7\u00e3o da \u00d4micron e proteger os grupos mais vulner\u00e1veis da popula\u00e7\u00e3o farturense. A colabora\u00e7\u00e3o da comunidade \u00e9 essencial para enfrentarmos esse novo desafio epidemiol\u00f3gico com responsabilidade e solidariedade. <\/p>\n<p>Comunica\u00e7\u00e3o Oficial | Prefeitura Municipal de Fartura<\/p>\n<p>Contato (14) 9.9625-3010<\/p>\n","protected":false},"excerpt":{"rendered":"<p>Diante da detec\u00e7\u00e3o da variante BA.2.86 da \u00d4micron, Fartura adota medidas preventivas e inicia nova etapa de vacina\u00e7\u00e3o para grupos priorit\u00e1rios nos postos de sa\u00fade da cidade A partir de segunda-feira, 18 de dezembro, os postos de sa\u00fade da cidade estar\u00e3o disponibilizando a nova dose de refor\u00e7o da vacina Pfizer Bivalente contra a Covid-19. A [&hellip;]<\/p>\n","protected":false},"author":2,"featured_media":1607,"comment_status":"open","ping_status":"open","sticky":false,"template":"","format":"standard","meta":{"footnotes":""},"categories":[51],"tags":[],"class_list":["post-1606","post","type-post","status-publish","format-standard","has-post-thumbnail","hentry","category-noticias-regionais"],"_links":{"self":[{"href":"https:\/\/sabuguinho.com.br\/site\/wp-json\/wp\/v2\/posts\/1606","targetHints":{"allow":["GET"]}}],"collection":[{"href":"https:\/\/sabuguinho.com.br\/site\/wp-json\/wp\/v2\/posts"}],"about":[{"href":"https:\/\/sabuguinho.com.br\/site\/wp-json\/wp\/v2\/types\/post"}],"author":[{"embeddable":true,"href":"https:\/\/sabuguinho.com.br\/site\/wp-json\/wp\/v2\/users\/2"}],"replies":[{"embeddable":true,"href":"https:\/\/sabuguinho.com.br\/site\/wp-json\/wp\/v2\/comments?post=1606"}],"version-history":[{"count":1,"href":"https:\/\/sabuguinho.com.br\/site\/wp-json\/wp\/v2\/posts\/1606\/revisions"}],"predecessor-version":[{"id":1608,"href":"https:\/\/sabuguinho.com.br\/site\/wp-json\/wp\/v2\/posts\/1606\/revisions\/1608"}],"wp:featuredmedia":[{"embeddable":true,"href":"https:\/\/sabuguinho.com.br\/site\/wp-json\/wp\/v2\/media\/1607"}],"wp:attachment":[{"href":"https:\/\/sabuguinho.com.br\/site\/wp-json\/wp\/v2\/media?parent=1606"}],"wp:term":[{"taxonomy":"category","embeddable":true,"href":"https:\/\/sabuguinho.com.br\/site\/wp-json\/wp\/v2\/categories?post=1606"},{"taxonomy":"post_tag","embeddable":true,"href":"https:\/\/sabuguinho.com.br\/site\/wp-json\/wp\/v2\/tags?post=1606"}],"curies":[{"name":"wp","href":"https:\/\/api.w.org\/{rel}","templated":true}]}}