{"id":15613,"date":"2024-11-14T13:16:19","date_gmt":"2024-11-14T16:16:19","guid":{"rendered":"https:\/\/sabuguinho.com.br\/site\/?p=15613"},"modified":"2024-11-14T13:16:19","modified_gmt":"2024-11-14T16:16:19","slug":"compromisso-de-campanha-concretizado-roberto-araujo-iniciara-sua-gestao-com-vale-alimentacao-de-r-1-00000-para-funcionarios-da-prefeitura","status":"publish","type":"post","link":"https:\/\/sabuguinho.com.br\/site\/compromisso-de-campanha-concretizado-roberto-araujo-iniciara-sua-gestao-com-vale-alimentacao-de-r-1-00000-para-funcionarios-da-prefeitura\/","title":{"rendered":"Compromisso de campanha concretizado: Roberto Araujo iniciar\u00e1 sua gest\u00e3o com Vale-Alimenta\u00e7\u00e3o de R$ 1.000,00 para funcion\u00e1rios da Prefeitura"},"content":{"rendered":"<p>A sess\u00e3o da C\u00e2mara Municipal de Avar\u00e9, realizada na ter\u00e7a-feira (12), foi marcada pela delibera\u00e7\u00e3o e aprova\u00e7\u00e3o dos vereadores &#8211; por unanimidade &#8211; do Projeto de Lei Complementar 154\/2024, que fixa o valor do vale-alimenta\u00e7\u00e3o em R$ 1.000,00 para os servidores municipais, com in\u00edcio previsto para janeiro de 2025. A proposta, amplamente divulgada na campanha do prefeito eleito e atual vereador Roberto Araujo, j\u00e1 se concretiza como um marco de valoriza\u00e7\u00e3o para o funcionalismo p\u00fablico.<br \/>\nRoberto Araujo enfatizou durante delibera\u00e7\u00e3o que o objetivo \u00e9 a valoriza\u00e7\u00e3o dos servidores e explicou que, ap\u00f3s analisar o or\u00e7amento municipal, identificou a viabilidade de implantar o benef\u00edcio. \u201cNo dia 22 de outubro, durante a palavra livre, solicitei ao prefeito em exerc\u00edcio que encaminhasse o projeto de Lei para a C\u00e2mara, visando que todos os servidores iniciassem na minha gest\u00e3o com o novo valor do vale-alimenta\u00e7\u00e3o, de R$ 1.000,00 (um mil reais ). \u00c9 uma forma de reconhecer o trabalho de quem se dedica ao munic\u00edpio\u201d, destacou o prefeito eleito Roberto Araujo.<br \/>\nCom a aprova\u00e7\u00e3o do projeto na C\u00e2mara, segue agora para a san\u00e7\u00e3o do prefeito em exerc\u00edcio. Uma vez sancionado, entrar\u00e1 em vigor em janeiro de 2025 na gest\u00e3o do prefeito eleito Roberto Araujo. \u201cNosso projeto responde a uma demanda hist\u00f3rica do funcionalismo e promete melhorar a qualidade de vida dos servidores, que ter\u00e3o um recurso significativo para a compra de mantimentos essenciais\u201d, comemorou o prefeito eleito\u00a0Roberto\u00a0Araujo.<\/p>\n","protected":false},"excerpt":{"rendered":"<p>A sess\u00e3o da C\u00e2mara Municipal de Avar\u00e9, realizada na ter\u00e7a-feira (12), foi marcada pela delibera\u00e7\u00e3o e aprova\u00e7\u00e3o dos vereadores &#8211; por unanimidade &#8211; do Projeto de Lei Complementar 154\/2024, que fixa o valor do vale-alimenta\u00e7\u00e3o em R$ 1.000,00 para os servidores municipais, com in\u00edcio previsto para janeiro de 2025. A proposta, amplamente divulgada na campanha [&hellip;]<\/p>\n","protected":false},"author":2,"featured_media":15614,"comment_status":"open","ping_status":"open","sticky":false,"template":"","format":"standard","meta":{"footnotes":""},"categories":[58],"tags":[],"_links":{"self":[{"href":"https:\/\/sabuguinho.com.br\/site\/wp-json\/wp\/v2\/posts\/15613"}],"collection":[{"href":"https:\/\/sabuguinho.com.br\/site\/wp-json\/wp\/v2\/posts"}],"about":[{"href":"https:\/\/sabuguinho.com.br\/site\/wp-json\/wp\/v2\/types\/post"}],"author":[{"embeddable":true,"href":"https:\/\/sabuguinho.com.br\/site\/wp-json\/wp\/v2\/users\/2"}],"replies":[{"embeddable":true,"href":"https:\/\/sabuguinho.com.br\/site\/wp-json\/wp\/v2\/comments?post=15613"}],"version-history":[{"count":1,"href":"https:\/\/sabuguinho.com.br\/site\/wp-json\/wp\/v2\/posts\/15613\/revisions"}],"predecessor-version":[{"id":15615,"href":"https:\/\/sabuguinho.com.br\/site\/wp-json\/wp\/v2\/posts\/15613\/revisions\/15615"}],"wp:featuredmedia":[{"embeddable":true,"href":"https:\/\/sabuguinho.com.br\/site\/wp-json\/wp\/v2\/media\/15614"}],"wp:attachment":[{"href":"https:\/\/sabuguinho.com.br\/site\/wp-json\/wp\/v2\/media?parent=15613"}],"wp:term":[{"taxonomy":"category","embeddable":true,"href":"https:\/\/sabuguinho.com.br\/site\/wp-json\/wp\/v2\/categories?post=15613"},{"taxonomy":"post_tag","embeddable":true,"href":"https:\/\/sabuguinho.com.br\/site\/wp-json\/wp\/v2\/tags?post=15613"}],"curies":[{"name":"wp","href":"https:\/\/api.w.org\/{rel}","templated":true}]}}