{"id":13959,"date":"2024-10-18T14:46:49","date_gmt":"2024-10-18T17:46:49","guid":{"rendered":"https:\/\/sabuguinho.com.br\/site\/?p=13959"},"modified":"2024-10-18T14:46:49","modified_gmt":"2024-10-18T17:46:49","slug":"aguas-de-santa-barbara-mae-faz-campanha-para-filha-campea-paulista-de-judo-conseguir-disputar-torneio-no-sul","status":"publish","type":"post","link":"https:\/\/sabuguinho.com.br\/site\/aguas-de-santa-barbara-mae-faz-campanha-para-filha-campea-paulista-de-judo-conseguir-disputar-torneio-no-sul\/","title":{"rendered":"\u00c1guas de Santa B\u00e1rbara &#8211; M\u00c3E FAZ CAMPANHA PARA FILHA CAMPE\u00c3 PAULISTA DE JUD\u00d4 CONSEGUIR DISPUTAR TORNEIO NO SUL"},"content":{"rendered":"<p>A m\u00e3e da atleta Ana Clara da Silva, de 14 anos, moradora de \u00c1guas de Santa B\u00e1rbara, est\u00e1 fazendo uma campanha para que a adolescente consiga disputar uma competi\u00e7\u00e3o interestadual de jud\u00f4 no sul do Brasil.<br \/>\nAna Clara foi campe\u00e3 paulista na categoria sub-15 e, com a conquista, no dia 12 de outubro, conseguiu a vaga para o Meeting Interestadual Interclubes, um torneio interestadual que ser\u00e1 realizado na cidade de S\u00e3o Jos\u00e9 (SC), entre os dias 1\u00ba e 3 de novembro<br \/>\nA jovem atleta n\u00e3o tem patroc\u00ednio e treina em uma academia da cidade. Ao g1, ela falou sobre a expectativa para a competi\u00e7\u00e3o. \u201cExpectativa bem alta. Estou treinando bastante, focando bastante\u2026 Voltei esse ano e estou bem forte. Nas competi\u00e7\u00f5es recentes, enfrentei advers\u00e1rias fortes, campe\u00e3s brasileiras, venci e isso aumentou minha confian\u00e7a\u201d, relata.<br \/>\nA jovem come\u00e7ou no jud\u00f4 em 2017, fez uma breve pausa em 2019, e retornou \u00e0s competi\u00e7\u00f5es em 2024. Neste per\u00edodo, conquistou medalhas em campeonatos regionais, al\u00e9m de p\u00f3dios na Copa S\u00e3o Paulo e Open Corinthians.<br \/>\nPara a m\u00e3e dela, Rosemara da Silva Nunes, que \u00e9 faxineira de uma escola municipal, ter uma filha atleta \u00e9 motivo de orgulho. \u201cA palavra \u00e9 orgulho\u2026 Muito mesmo. Estou torcendo muito para que d\u00ea certo. Eu criei os tr\u00eas filhos sozinha, e vou fazer o que estiver ao meu alcance. O sonho dela \u00e9 o meu sonho.\u201d<br \/>\nA meta da vaquinha \u00e9 arrecadar no m\u00ednimo R$ 4 mil para custear a viagem at\u00e9 o sul.<\/p>\n<p><img loading=\"lazy\" decoding=\"async\" src=\"https:\/\/sabuguinho.com.br\/site\/wp-content\/uploads\/2024\/10\/Screenshot_5-5-150x96.png\" alt=\"\" width=\"150\" height=\"96\" class=\"alignnone size-medium wp-image-13960\" srcset=\"https:\/\/sabuguinho.com.br\/site\/wp-content\/uploads\/2024\/10\/Screenshot_5-5-150x96.png 150w, https:\/\/sabuguinho.com.br\/site\/wp-content\/uploads\/2024\/10\/Screenshot_5-5-512x329.png 512w, https:\/\/sabuguinho.com.br\/site\/wp-content\/uploads\/2024\/10\/Screenshot_5-5-750x482.png 750w, https:\/\/sabuguinho.com.br\/site\/wp-content\/uploads\/2024\/10\/Screenshot_5-5.png 766w\" sizes=\"(max-width: 150px) 100vw, 150px\" \/><\/p>\n","protected":false},"excerpt":{"rendered":"<p>A m\u00e3e da atleta Ana Clara da Silva, de 14 anos, moradora de \u00c1guas de Santa B\u00e1rbara, est\u00e1 fazendo uma campanha para que a adolescente consiga disputar uma competi\u00e7\u00e3o interestadual de jud\u00f4 no sul do Brasil. Ana Clara foi campe\u00e3 paulista na categoria sub-15 e, com a conquista, no dia 12 de outubro, conseguiu a [&hellip;]<\/p>\n","protected":false},"author":2,"featured_media":13961,"comment_status":"open","ping_status":"open","sticky":false,"template":"","format":"standard","meta":{"footnotes":""},"categories":[45,51],"tags":[],"_links":{"self":[{"href":"https:\/\/sabuguinho.com.br\/site\/wp-json\/wp\/v2\/posts\/13959"}],"collection":[{"href":"https:\/\/sabuguinho.com.br\/site\/wp-json\/wp\/v2\/posts"}],"about":[{"href":"https:\/\/sabuguinho.com.br\/site\/wp-json\/wp\/v2\/types\/post"}],"author":[{"embeddable":true,"href":"https:\/\/sabuguinho.com.br\/site\/wp-json\/wp\/v2\/users\/2"}],"replies":[{"embeddable":true,"href":"https:\/\/sabuguinho.com.br\/site\/wp-json\/wp\/v2\/comments?post=13959"}],"version-history":[{"count":1,"href":"https:\/\/sabuguinho.com.br\/site\/wp-json\/wp\/v2\/posts\/13959\/revisions"}],"predecessor-version":[{"id":13962,"href":"https:\/\/sabuguinho.com.br\/site\/wp-json\/wp\/v2\/posts\/13959\/revisions\/13962"}],"wp:featuredmedia":[{"embeddable":true,"href":"https:\/\/sabuguinho.com.br\/site\/wp-json\/wp\/v2\/media\/13961"}],"wp:attachment":[{"href":"https:\/\/sabuguinho.com.br\/site\/wp-json\/wp\/v2\/media?parent=13959"}],"wp:term":[{"taxonomy":"category","embeddable":true,"href":"https:\/\/sabuguinho.com.br\/site\/wp-json\/wp\/v2\/categories?post=13959"},{"taxonomy":"post_tag","embeddable":true,"href":"https:\/\/sabuguinho.com.br\/site\/wp-json\/wp\/v2\/tags?post=13959"}],"curies":[{"name":"wp","href":"https:\/\/api.w.org\/{rel}","templated":true}]}}