{"id":13955,"date":"2024-10-18T14:40:01","date_gmt":"2024-10-18T17:40:01","guid":{"rendered":"https:\/\/sabuguinho.com.br\/site\/?p=13955"},"modified":"2024-10-18T14:40:01","modified_gmt":"2024-10-18T17:40:01","slug":"aranduense-vai-participar-do-mundial-universitario-paralimpico-de-tenis-de-mesa-na-alemanha","status":"publish","type":"post","link":"https:\/\/sabuguinho.com.br\/site\/aranduense-vai-participar-do-mundial-universitario-paralimpico-de-tenis-de-mesa-na-alemanha\/","title":{"rendered":"ARANDUENSE VAI PARTICIPAR DO MUNDIAL UNIVERSIT\u00c1RIO PARAL\u00cdMPICO DE T\u00caNIS DE MESA NA ALEMANHA"},"content":{"rendered":"<p>Arandu celebrou uma conquista significativa com a qualifica\u00e7\u00e3o do jovem atleta Wellington Juvencio Fuzil da Silva para o Mundial dos Jogos Universit\u00e1rios Paral\u00edmpicos, que ser\u00e1 realizado na Alemanha em 2025. A trajet\u00f3ria de Wellington \u00e9 marcada por supera\u00e7\u00f5es e dedica\u00e7\u00e3o, refletindo o esp\u00edrito esportivo de sua cidade natal.<\/p>\n<p>Wellington, que iniciou sua jornada no t\u00eanis de mesa em Arandu, enfrentou dificuldades devido \u00e0 falta de infraestrutura e forma\u00e7\u00e3o adequada na modalidade em sua regi\u00e3o. Foi em 2022 que ele decidiu dar um passo decisivo em sua carreira: se mudar para Ja\u00fa, onde encontrou um centro de treinamento dedicado, o Ja\u00fapong. Sob a orienta\u00e7\u00e3o experiente do professor Felipe Godoy, o atleta come\u00e7ou a desenvolver suas habilidades e a construir uma base s\u00f3lida para sua carreira.<\/p>\n<p>Durante seu tempo em Ja\u00fa, Wellington se dedicou intensamente aos treinos e participou de v\u00e1rias competi\u00e7\u00f5es, aprimorando sua t\u00e9cnica e resist\u00eancia. Seu esfor\u00e7o culminou em uma participa\u00e7\u00e3o memor\u00e1vel nos Jogos Universit\u00e1rios Brasileiros (JUBs) em outubro de 2024, onde competiu na categoria Paradesportivo \u2013 Classe 10. Representando a Unoesc de Joa\u00e7aba, de Santa Catarina, Wellington mostrou garra e determina\u00e7\u00e3o ao conquistar o vice-campeonato, o que garantiu sua vaga para o Mundial.<\/p>\n<p>\u201cEstou muito feliz e orgulhoso de tudo o que alcancei. Foram muitas lutas e sacrif\u00edcios, mas cada desafio superado me trouxe at\u00e9 aqui. Agora, vou me preparar para o Mundial na Alemanha, onde vou representar o Brasil com muito orgulho\u201d, declarou emocionado o atleta, que j\u00e1 inspira jovens de sua cidade a perseguirem seus sonhos.<\/p>\n<p>A conquista de Wellington \u00e9 uma luz de esperan\u00e7a e um exemplo de que, com persist\u00eancia e valor, \u00e9 poss\u00edvel superar obst\u00e1culos e alcan\u00e7ar grandes realiza\u00e7\u00f5es. Com os olhos voltados para o Mundial, ele segue treinando arduamente, carregando consigo n\u00e3o apenas suas expectativas pessoais, mas tamb\u00e9m a honra de representar Arandu e o Brasil em um cen\u00e1rio internacional.<\/p>\n<p><img loading=\"lazy\" decoding=\"async\" src=\"https:\/\/sabuguinho.com.br\/site\/wp-content\/uploads\/2024\/10\/Aranduense-768x512-1-150x100.jpg\" alt=\"\" width=\"150\" height=\"100\" class=\"alignnone size-medium wp-image-13956\" srcset=\"https:\/\/sabuguinho.com.br\/site\/wp-content\/uploads\/2024\/10\/Aranduense-768x512-1-150x100.jpg 150w, https:\/\/sabuguinho.com.br\/site\/wp-content\/uploads\/2024\/10\/Aranduense-768x512-1-512x341.jpg 512w, https:\/\/sabuguinho.com.br\/site\/wp-content\/uploads\/2024\/10\/Aranduense-768x512-1-750x500.jpg 750w, https:\/\/sabuguinho.com.br\/site\/wp-content\/uploads\/2024\/10\/Aranduense-768x512-1.jpg 768w\" sizes=\"(max-width: 150px) 100vw, 150px\" \/><\/p>\n","protected":false},"excerpt":{"rendered":"<p>Arandu celebrou uma conquista significativa com a qualifica\u00e7\u00e3o do jovem atleta Wellington Juvencio Fuzil da Silva para o Mundial dos Jogos Universit\u00e1rios Paral\u00edmpicos, que ser\u00e1 realizado na Alemanha em 2025. A trajet\u00f3ria de Wellington \u00e9 marcada por supera\u00e7\u00f5es e dedica\u00e7\u00e3o, refletindo o esp\u00edrito esportivo de sua cidade natal. Wellington, que iniciou sua jornada no t\u00eanis [&hellip;]<\/p>\n","protected":false},"author":2,"featured_media":13957,"comment_status":"open","ping_status":"open","sticky":false,"template":"","format":"standard","meta":{"footnotes":""},"categories":[45,51],"tags":[],"_links":{"self":[{"href":"https:\/\/sabuguinho.com.br\/site\/wp-json\/wp\/v2\/posts\/13955"}],"collection":[{"href":"https:\/\/sabuguinho.com.br\/site\/wp-json\/wp\/v2\/posts"}],"about":[{"href":"https:\/\/sabuguinho.com.br\/site\/wp-json\/wp\/v2\/types\/post"}],"author":[{"embeddable":true,"href":"https:\/\/sabuguinho.com.br\/site\/wp-json\/wp\/v2\/users\/2"}],"replies":[{"embeddable":true,"href":"https:\/\/sabuguinho.com.br\/site\/wp-json\/wp\/v2\/comments?post=13955"}],"version-history":[{"count":1,"href":"https:\/\/sabuguinho.com.br\/site\/wp-json\/wp\/v2\/posts\/13955\/revisions"}],"predecessor-version":[{"id":13958,"href":"https:\/\/sabuguinho.com.br\/site\/wp-json\/wp\/v2\/posts\/13955\/revisions\/13958"}],"wp:featuredmedia":[{"embeddable":true,"href":"https:\/\/sabuguinho.com.br\/site\/wp-json\/wp\/v2\/media\/13957"}],"wp:attachment":[{"href":"https:\/\/sabuguinho.com.br\/site\/wp-json\/wp\/v2\/media?parent=13955"}],"wp:term":[{"taxonomy":"category","embeddable":true,"href":"https:\/\/sabuguinho.com.br\/site\/wp-json\/wp\/v2\/categories?post=13955"},{"taxonomy":"post_tag","embeddable":true,"href":"https:\/\/sabuguinho.com.br\/site\/wp-json\/wp\/v2\/tags?post=13955"}],"curies":[{"name":"wp","href":"https:\/\/api.w.org\/{rel}","templated":true}]}}