{"id":13949,"date":"2024-10-18T14:30:00","date_gmt":"2024-10-18T17:30:00","guid":{"rendered":"https:\/\/sabuguinho.com.br\/site\/?p=13949"},"modified":"2024-10-18T14:30:00","modified_gmt":"2024-10-18T17:30:00","slug":"alunos-de-escolas-municipais-vencem-concurso-de-desenhos-da-tintas-pig","status":"publish","type":"post","link":"https:\/\/sabuguinho.com.br\/site\/alunos-de-escolas-municipais-vencem-concurso-de-desenhos-da-tintas-pig\/","title":{"rendered":"Alunos de escolas municipais vencem concurso de desenhos da Tintas Pig"},"content":{"rendered":"<p>Um mundo colorido visto pela minha janela&#8221; foi o tema do Concurso de Desenhos realizado pela Tintas Pig em Avar\u00e9.<br \/>\nA edi\u00e7\u00e3o 2024 contou com a participa\u00e7\u00e3o de crian\u00e7as do 1\u00ba ao 5\u00ba ano do Ensino Fundamental de escolas p\u00fablicas e privadas.<\/p>\n<p><img loading=\"lazy\" decoding=\"async\" src=\"https:\/\/sabuguinho.com.br\/site\/wp-content\/uploads\/2024\/10\/Um-mundo-colorido-visto-pela-minha-janela-foi-o-tema-do-Concurso-de-Desenhos-realizado-pela-Tintas-Pig-em-Avare-150x127.jpeg\" alt=\"\" width=\"150\" height=\"127\" class=\"alignnone size-medium wp-image-13952\" srcset=\"https:\/\/sabuguinho.com.br\/site\/wp-content\/uploads\/2024\/10\/Um-mundo-colorido-visto-pela-minha-janela-foi-o-tema-do-Concurso-de-Desenhos-realizado-pela-Tintas-Pig-em-Avare-150x127.jpeg 150w, https:\/\/sabuguinho.com.br\/site\/wp-content\/uploads\/2024\/10\/Um-mundo-colorido-visto-pela-minha-janela-foi-o-tema-do-Concurso-de-Desenhos-realizado-pela-Tintas-Pig-em-Avare-512x433.jpeg 512w, https:\/\/sabuguinho.com.br\/site\/wp-content\/uploads\/2024\/10\/Um-mundo-colorido-visto-pela-minha-janela-foi-o-tema-do-Concurso-de-Desenhos-realizado-pela-Tintas-Pig-em-Avare-768x649.jpeg 768w, https:\/\/sabuguinho.com.br\/site\/wp-content\/uploads\/2024\/10\/Um-mundo-colorido-visto-pela-minha-janela-foi-o-tema-do-Concurso-de-Desenhos-realizado-pela-Tintas-Pig-em-Avare-750x634.jpeg 750w, https:\/\/sabuguinho.com.br\/site\/wp-content\/uploads\/2024\/10\/Um-mundo-colorido-visto-pela-minha-janela-foi-o-tema-do-Concurso-de-Desenhos-realizado-pela-Tintas-Pig-em-Avare-1140x964.jpeg 1140w, https:\/\/sabuguinho.com.br\/site\/wp-content\/uploads\/2024\/10\/Um-mundo-colorido-visto-pela-minha-janela-foi-o-tema-do-Concurso-de-Desenhos-realizado-pela-Tintas-Pig-em-Avare.jpeg 1280w\" sizes=\"(max-width: 150px) 100vw, 150px\" \/><\/p>\n<p>O objetivo \u00e9 estimular a criatividade. &#8220;Foram mais de 1700 desenhos inspiradores, demonstrando o talento e a vis\u00e3o \u00fanica das crian\u00e7as sobre o mundo&#8221;, destaca a organiza\u00e7\u00e3o.<br \/>\nA etapa final foi realizada no \u00faltimo dia 8. Os selecionados foram submetidos a um novo desafio: representar a beleza da natureza, colocando \u00e0 mostra o seu talento art\u00edstico.<\/p>\n<p>Ganhadores<\/p>\n<p>A vencedora foi Ana Luiza Carvalho da Silva, aluna do 4\u00ba B da escola municipal &#8220;Salim Antonio Curiati&#8221;. Ela levou pra casa um smartphone e dois gal\u00f5es de tinta para sua escola.<br \/>\nAlana Maria Sanches Favero, do 5\u00ba B da escola municipal &#8220;Maria Theresa de Oliveira Picalho-Dondoca&#8221;, ficou em segundo lugar e foi premiada com uma caixa de l\u00e1pis de cor Faber-Castell SuperSoft 100 cores.<br \/>\nA terceira coloca\u00e7\u00e3o ficou com Luiz Felipe Miguel Dias, aluno do 5\u00ba B da escola municipal &#8220;Carlos Papa&#8221;, que recebeu a mesma premia\u00e7\u00e3o da vice-campe\u00e3. Os demais colocados receberam jogos de ca\u00e7a-palavras e materiais de pintura.<\/p>\n<p>Secretaria agradece<\/p>\n<p>Em nota, a Secretaria Municipal de Educa\u00e7\u00e3o agradeceu aos familiares dos estudantes, gestores de escolas e aos professores de Arte que orientaram os alunos ao longo do concurso realizado anualmente pela Tintas Pig em diversas cidades de S\u00e3o Paulo.<br \/>\n&#8220;Expressamos tamb\u00e9m nosso agradecimento a Tintas Pig que n\u00e3o apenas patrocinou os pr\u00eamios, mas apoiou o concurso com grande entusiasmo, refor\u00e7ando a import\u00e2ncia de parcerias em prol da educa\u00e7\u00e3o&#8221;, finaliza a pasta.<\/p>\n<p>:<\/p>\n<p>legenda: Edi\u00e7\u00e3o 2024 contou com participa\u00e7\u00e3o de crian\u00e7as do Ensino Fundamental de escolas p\u00fablicas e privadas<\/p>\n<p>Fonte da Foto: Secom<\/p>\n","protected":false},"excerpt":{"rendered":"<p>Um mundo colorido visto pela minha janela&#8221; foi o tema do Concurso de Desenhos realizado pela Tintas Pig em Avar\u00e9. A edi\u00e7\u00e3o 2024 contou com a participa\u00e7\u00e3o de crian\u00e7as do 1\u00ba ao 5\u00ba ano do Ensino Fundamental de escolas p\u00fablicas e privadas. O objetivo \u00e9 estimular a criatividade. &#8220;Foram mais de 1700 desenhos inspiradores, demonstrando [&hellip;]<\/p>\n","protected":false},"author":2,"featured_media":13953,"comment_status":"open","ping_status":"open","sticky":false,"template":"","format":"standard","meta":{"footnotes":""},"categories":[58],"tags":[],"_links":{"self":[{"href":"https:\/\/sabuguinho.com.br\/site\/wp-json\/wp\/v2\/posts\/13949"}],"collection":[{"href":"https:\/\/sabuguinho.com.br\/site\/wp-json\/wp\/v2\/posts"}],"about":[{"href":"https:\/\/sabuguinho.com.br\/site\/wp-json\/wp\/v2\/types\/post"}],"author":[{"embeddable":true,"href":"https:\/\/sabuguinho.com.br\/site\/wp-json\/wp\/v2\/users\/2"}],"replies":[{"embeddable":true,"href":"https:\/\/sabuguinho.com.br\/site\/wp-json\/wp\/v2\/comments?post=13949"}],"version-history":[{"count":1,"href":"https:\/\/sabuguinho.com.br\/site\/wp-json\/wp\/v2\/posts\/13949\/revisions"}],"predecessor-version":[{"id":13954,"href":"https:\/\/sabuguinho.com.br\/site\/wp-json\/wp\/v2\/posts\/13949\/revisions\/13954"}],"wp:featuredmedia":[{"embeddable":true,"href":"https:\/\/sabuguinho.com.br\/site\/wp-json\/wp\/v2\/media\/13953"}],"wp:attachment":[{"href":"https:\/\/sabuguinho.com.br\/site\/wp-json\/wp\/v2\/media?parent=13949"}],"wp:term":[{"taxonomy":"category","embeddable":true,"href":"https:\/\/sabuguinho.com.br\/site\/wp-json\/wp\/v2\/categories?post=13949"},{"taxonomy":"post_tag","embeddable":true,"href":"https:\/\/sabuguinho.com.br\/site\/wp-json\/wp\/v2\/tags?post=13949"}],"curies":[{"name":"wp","href":"https:\/\/api.w.org\/{rel}","templated":true}]}}