{"id":13914,"date":"2024-10-17T21:56:21","date_gmt":"2024-10-18T00:56:21","guid":{"rendered":"https:\/\/sabuguinho.com.br\/site\/?p=13914"},"modified":"2024-10-17T21:56:21","modified_gmt":"2024-10-18T00:56:21","slug":"sorocaba-confirma-mais-duas-mortes-por-covid-19-no-ano","status":"publish","type":"post","link":"https:\/\/sabuguinho.com.br\/site\/sorocaba-confirma-mais-duas-mortes-por-covid-19-no-ano\/","title":{"rendered":"Sorocaba confirma mais duas mortes por Covid-19 no ano"},"content":{"rendered":"<p>As v\u00edtimas s\u00e3o mulheres de 33 e 50 anos; as duas faleceram no m\u00eas passado<\/p>\n<p>Tha\u00eds Marcolino<\/p>\n<p>A Secretaria da Sa\u00fade de Sorocaba confirmou mais duas mortes por Covid-19 nesta quinta-feira (17). As v\u00edtimas s\u00e3o mulheres, que faleceram em leitos de sa\u00fade privada. Agora a cidade conta com 27 \u00f3bitos pela doen\u00e7a no ano.<br \/>\nConforme a pasta, a primeira v\u00edtima, de 50 anos, tinha comorbidades e faleceu no dia 2 de setembro. A outra tinha 33 anos e morreu no dia 25 do m\u00eas passado. Ela tamb\u00e9m apresentava doen\u00e7as pr\u00e9-existentes.<br \/>\nEm rela\u00e7\u00e3o aos casos, nos dez meses de 2024, s\u00e3o 3.029 confirmados. No ano passado foram quase 39 mil e 45 mortes<br \/>\nApesar dos \u00edndices ca\u00edrem e o estado pand\u00eamico ter terminado, a confirma\u00e7\u00e3o de casos e mortes n\u00e3o devem parar. Isso por que os especialistas relacionam a Covid-19 como uma doen\u00e7a end\u00eamica, ou seja, quando tem recorr\u00eancia, mas sem aumentos significativos.<\/p>\n<p>Vacina\u00e7\u00e3o<\/p>\n<p>Al\u00e9m das medidas n\u00e3o farmacol\u00f3gicas (uso de \u00e1lcool em gel e m\u00e1scara), a vacina\u00e7\u00e3o \u00e9 indicada para prevenir que a doen\u00e7a seja adquirida com gravidade. A dose, atualisada para a subvariante \u00d4micron XBB 1.5, da fabricante Moderna (SpikeVax), est\u00e1 dispon\u00edvel nas 33 Unidades B\u00e1sicas de Sa\u00fade (UBS) de Sorocaba, de segunda \u00e0 sexta-feira. O hor\u00e1rio \u00e9 de acordo com cada unidade de sa\u00fade.<br \/>\nPodem receber o imunizante o grupo priorit\u00e1rio e crian\u00e7as de seis meses e menores de cinco anos.<br \/>\nJ\u00e1 a popula\u00e7\u00e3o geral, que ainda n\u00e3o recebeu nenhuma dose desde o come\u00e7o da campanha, em 2021, pode comparecer \u00e0s UBS para iniciar o ciclo de imuniza\u00e7\u00e3o<\/p>\n<p>Legenda<br \/>\nApesar da diminui\u00e7\u00e3o no n\u00famero de casos e mortes de Covid-19, os cuidados devem ser mantidos (Cr\u00e9dito: Reprodu\u00e7\u00e3o\/ Depositphotos)<\/p>\n","protected":false},"excerpt":{"rendered":"<p>As v\u00edtimas s\u00e3o mulheres de 33 e 50 anos; as duas faleceram no m\u00eas passado Tha\u00eds Marcolino A Secretaria da Sa\u00fade de Sorocaba confirmou mais duas mortes por Covid-19 nesta quinta-feira (17). As v\u00edtimas s\u00e3o mulheres, que faleceram em leitos de sa\u00fade privada. Agora a cidade conta com 27 \u00f3bitos pela doen\u00e7a no ano. Conforme [&hellip;]<\/p>\n","protected":false},"author":2,"featured_media":13915,"comment_status":"open","ping_status":"open","sticky":false,"template":"","format":"standard","meta":{"footnotes":""},"categories":[51],"tags":[],"_links":{"self":[{"href":"https:\/\/sabuguinho.com.br\/site\/wp-json\/wp\/v2\/posts\/13914"}],"collection":[{"href":"https:\/\/sabuguinho.com.br\/site\/wp-json\/wp\/v2\/posts"}],"about":[{"href":"https:\/\/sabuguinho.com.br\/site\/wp-json\/wp\/v2\/types\/post"}],"author":[{"embeddable":true,"href":"https:\/\/sabuguinho.com.br\/site\/wp-json\/wp\/v2\/users\/2"}],"replies":[{"embeddable":true,"href":"https:\/\/sabuguinho.com.br\/site\/wp-json\/wp\/v2\/comments?post=13914"}],"version-history":[{"count":1,"href":"https:\/\/sabuguinho.com.br\/site\/wp-json\/wp\/v2\/posts\/13914\/revisions"}],"predecessor-version":[{"id":13916,"href":"https:\/\/sabuguinho.com.br\/site\/wp-json\/wp\/v2\/posts\/13914\/revisions\/13916"}],"wp:featuredmedia":[{"embeddable":true,"href":"https:\/\/sabuguinho.com.br\/site\/wp-json\/wp\/v2\/media\/13915"}],"wp:attachment":[{"href":"https:\/\/sabuguinho.com.br\/site\/wp-json\/wp\/v2\/media?parent=13914"}],"wp:term":[{"taxonomy":"category","embeddable":true,"href":"https:\/\/sabuguinho.com.br\/site\/wp-json\/wp\/v2\/categories?post=13914"},{"taxonomy":"post_tag","embeddable":true,"href":"https:\/\/sabuguinho.com.br\/site\/wp-json\/wp\/v2\/tags?post=13914"}],"curies":[{"name":"wp","href":"https:\/\/api.w.org\/{rel}","templated":true}]}}