{"id":13902,"date":"2024-10-17T16:16:32","date_gmt":"2024-10-17T19:16:32","guid":{"rendered":"https:\/\/sabuguinho.com.br\/site\/?p=13902"},"modified":"2024-10-17T16:16:32","modified_gmt":"2024-10-17T19:16:32","slug":"idoso-com-alzheimer-esta-desaparecido-ha-quase-90-dias-em-avare","status":"publish","type":"post","link":"https:\/\/sabuguinho.com.br\/site\/idoso-com-alzheimer-esta-desaparecido-ha-quase-90-dias-em-avare\/","title":{"rendered":"IDOSO COM ALZHEIMER EST\u00c1 DESAPARECIDO H\u00c1 QUASE 90 DIAS EM AVAR\u00c9"},"content":{"rendered":"<p>A busca por Luiz Aparecido Faria, de 68 anos, que est\u00e1 desaparecido h\u00e1 88 dias em Avar\u00e9, continua. O idoso, que sofre de Alzheimer e faz tratamento psiqui\u00e1trico, saiu de casa no bairro Jardim Planalto no dia 22 de julho, vestindo uma bermuda de cor grafite e uma blusa listrada de mangas compridas.<br \/>\nDe acordo com o Boletim de Ocorr\u00eancia registrado, a \u00faltima vez em que Luiz foi visto foi em uma \u00e1rea de mata no horto florestal da cidade. Ele tamb\u00e9m teria passado pela estrada da Vereda do Sol e pelo bairro M\u00e1rio Bannwart.<br \/>\nDesesperados, familiares confeccionaram cartazes com fotos do idoso e os espalharam pela cidade, na esperan\u00e7a de obter alguma informa\u00e7\u00e3o sobre seu paradeiro.<br \/>\nEm agosto, uma vasta opera\u00e7\u00e3o envolvendo socorristas e bombeiros civis de Ita\u00ed vasculhou a cidade de Avar\u00e9, com foco a regi\u00e3o do bairro M\u00e1rio Bannwart.<br \/>\nNovas informa\u00e7\u00f5es indicam que Luiz foi visto com a apar\u00eancia cuidada, levando as equipes a acreditar que ele possa estar sendo abrigado em alguma resid\u00eancia da regi\u00e3o. Por\u00e9m, a fam\u00edlia n\u00e3o teve mais nenhuma informa\u00e7\u00e3o sobre o idoso.<br \/>\nCaso algu\u00e9m tenha qualquer informa\u00e7\u00e3o relevante sobre o desaparecimento de Luiz Aparecido Faria, \u00e9 solicitado que entre em contato com algum dos seguintes membros de sua fam\u00edlia:<\/p>\n<p>\u2013 Patr\u00edcia Dorth Faria: (14) 99669-0209<\/p>\n<p>\u2013 Carlos Faria: (14) 99113-2225<\/p>\n<p>\u2013 Juliana Faria: (14) 99867-8786<\/p>\n<p>\u2013 Paulo Faria: (14) 99867-8786<\/p>\n<p>A fam\u00edlia de Luiz Aparecido Faria segue na esperan\u00e7a de encontr\u00e1-lo em seguran\u00e7a e agradece qualquer informa\u00e7\u00e3o que possa levar ao seu paradeiro.<\/p>\n","protected":false},"excerpt":{"rendered":"<p>A busca por Luiz Aparecido Faria, de 68 anos, que est\u00e1 desaparecido h\u00e1 88 dias em Avar\u00e9, continua. O idoso, que sofre de Alzheimer e faz tratamento psiqui\u00e1trico, saiu de casa no bairro Jardim Planalto no dia 22 de julho, vestindo uma bermuda de cor grafite e uma blusa listrada de mangas compridas. De acordo [&hellip;]<\/p>\n","protected":false},"author":2,"featured_media":13903,"comment_status":"open","ping_status":"open","sticky":false,"template":"","format":"standard","meta":{"footnotes":""},"categories":[62],"tags":[],"_links":{"self":[{"href":"https:\/\/sabuguinho.com.br\/site\/wp-json\/wp\/v2\/posts\/13902"}],"collection":[{"href":"https:\/\/sabuguinho.com.br\/site\/wp-json\/wp\/v2\/posts"}],"about":[{"href":"https:\/\/sabuguinho.com.br\/site\/wp-json\/wp\/v2\/types\/post"}],"author":[{"embeddable":true,"href":"https:\/\/sabuguinho.com.br\/site\/wp-json\/wp\/v2\/users\/2"}],"replies":[{"embeddable":true,"href":"https:\/\/sabuguinho.com.br\/site\/wp-json\/wp\/v2\/comments?post=13902"}],"version-history":[{"count":1,"href":"https:\/\/sabuguinho.com.br\/site\/wp-json\/wp\/v2\/posts\/13902\/revisions"}],"predecessor-version":[{"id":13904,"href":"https:\/\/sabuguinho.com.br\/site\/wp-json\/wp\/v2\/posts\/13902\/revisions\/13904"}],"wp:featuredmedia":[{"embeddable":true,"href":"https:\/\/sabuguinho.com.br\/site\/wp-json\/wp\/v2\/media\/13903"}],"wp:attachment":[{"href":"https:\/\/sabuguinho.com.br\/site\/wp-json\/wp\/v2\/media?parent=13902"}],"wp:term":[{"taxonomy":"category","embeddable":true,"href":"https:\/\/sabuguinho.com.br\/site\/wp-json\/wp\/v2\/categories?post=13902"},{"taxonomy":"post_tag","embeddable":true,"href":"https:\/\/sabuguinho.com.br\/site\/wp-json\/wp\/v2\/tags?post=13902"}],"curies":[{"name":"wp","href":"https:\/\/api.w.org\/{rel}","templated":true}]}}