{"id":13899,"date":"2024-10-17T15:23:31","date_gmt":"2024-10-17T18:23:31","guid":{"rendered":"https:\/\/sabuguinho.com.br\/site\/?p=13899"},"modified":"2024-10-17T15:23:31","modified_gmt":"2024-10-17T18:23:31","slug":"sebrae-sp-e-parceiros-promovem-a-feira-semear-em-avare","status":"publish","type":"post","link":"https:\/\/sabuguinho.com.br\/site\/sebrae-sp-e-parceiros-promovem-a-feira-semear-em-avare\/","title":{"rendered":"Sebrae-SP e parceiros promovem a Feira Semear em Avar\u00e9"},"content":{"rendered":"<p>Evento \u00e9 oportunidade para empreendedores locais expandirem seus neg\u00f3cios e gerar renda<\/p>\n<p>A cidade de Avar\u00e9 recebe no pr\u00f3ximo dia 9 de novembro a Feira Semear, um evento dedicado \u00e0 promo\u00e7\u00e3o do empreendedorismo e \u00e0 gera\u00e7\u00e3o de renda para pequenos empreendedores do setor de alimenta\u00e7\u00e3o. Organizada pelo Sebrae-SP, em parceria com a Uni\u00e3o Negra Avareense (UNA), Prefeitura Municipal de Avar\u00e9 e a Associa\u00e7\u00e3o Comercial de Avar\u00e9 (ACIA), a feira acontecer\u00e1 das 11h \u00e0s 20h, na sede da UNA, localizada na Rua Antonieta Paulucci, 907, no bairro Altos da Boa Vista.<br \/>\nA Feira Semear marca a conclus\u00e3o de cursos oferecidos pelo Sebrae-SP, com apoio de parceiros locais. Ela est\u00e1 contemplada no Projeto Semente, que \u00e9 uma realiza\u00e7\u00e3o do Sebrae-SP com o patroc\u00ednio da empresa Suzano. Ao longo dos \u00faltimos meses, os participantes foram capacitados em \u00e1reas como produ\u00e7\u00e3o de salgados congelados, p\u00e3es e salgados fitness, al\u00e9m de bolos e tortas. Agora, a feira serve como vitrine para que eles possam apresentar e comercializar seus produtos diretamente ao p\u00fablico, com o objetivo de gera\u00e7\u00e3o de renda.<br \/>\nA analista do Sebrae-SP Geovana Annelli destaca a import\u00e2ncia da oportunidade de acesso a mercado para os empreendedores locais. &#8220;Nosso objetivo com a Feira Semear \u00e9 criar um ambiente em que os empreendedores possam vender seus produtos, ter a chance de sentir o mercado, aprimorar seu atendimento e, claro, gerar renda para suas fam\u00edlias, visando a inclus\u00e3o produtiva. \u00c9 uma oportunidade \u00fanica de praticar o que aprenderam, al\u00e9m de fortalecer o v\u00ednculo com a comunidade&#8221;, afirma Geovana.<br \/>\nGeovana comenta que a Feira Semear ter\u00e1 um impacto direto na vida dos pequenos empreendedores que participaram do Projeto Semente, uma iniciativa que busca fomentar o empreendedorismo e a gera\u00e7\u00e3o de renda por meio da capacita\u00e7\u00e3o e do acesso a mercado para a inclus\u00e3o produtiva. \u201cMuitos desses empreendedores s\u00e3o pessoas que viram nos cursos oferecidos pelo Sebrae-SP uma chance de aprender uma nova atividade ou aprimorar seus conhecimentos, para uma fonte de renda sustent\u00e1vel\u201d, completa.<\/p>\n<p>Servi\u00e7o<\/p>\n<p>Data: 9 de novembro<\/p>\n<p>Hor\u00e1rio: 11h \u00e0s 20h <\/p>\n<p>&#8211; Local: UNA &#8211; Uni\u00e3o Negra Avareense &#8211; Rua Antonieta Paulucci, 907, Altos da Boa Vista, Avar\u00e9<\/p>\n","protected":false},"excerpt":{"rendered":"<p>Evento \u00e9 oportunidade para empreendedores locais expandirem seus neg\u00f3cios e gerar renda A cidade de Avar\u00e9 recebe no pr\u00f3ximo dia 9 de novembro a Feira Semear, um evento dedicado \u00e0 promo\u00e7\u00e3o do empreendedorismo e \u00e0 gera\u00e7\u00e3o de renda para pequenos empreendedores do setor de alimenta\u00e7\u00e3o. Organizada pelo Sebrae-SP, em parceria com a Uni\u00e3o Negra Avareense [&hellip;]<\/p>\n","protected":false},"author":2,"featured_media":13900,"comment_status":"open","ping_status":"open","sticky":false,"template":"","format":"standard","meta":{"footnotes":""},"categories":[58],"tags":[],"_links":{"self":[{"href":"https:\/\/sabuguinho.com.br\/site\/wp-json\/wp\/v2\/posts\/13899"}],"collection":[{"href":"https:\/\/sabuguinho.com.br\/site\/wp-json\/wp\/v2\/posts"}],"about":[{"href":"https:\/\/sabuguinho.com.br\/site\/wp-json\/wp\/v2\/types\/post"}],"author":[{"embeddable":true,"href":"https:\/\/sabuguinho.com.br\/site\/wp-json\/wp\/v2\/users\/2"}],"replies":[{"embeddable":true,"href":"https:\/\/sabuguinho.com.br\/site\/wp-json\/wp\/v2\/comments?post=13899"}],"version-history":[{"count":1,"href":"https:\/\/sabuguinho.com.br\/site\/wp-json\/wp\/v2\/posts\/13899\/revisions"}],"predecessor-version":[{"id":13901,"href":"https:\/\/sabuguinho.com.br\/site\/wp-json\/wp\/v2\/posts\/13899\/revisions\/13901"}],"wp:featuredmedia":[{"embeddable":true,"href":"https:\/\/sabuguinho.com.br\/site\/wp-json\/wp\/v2\/media\/13900"}],"wp:attachment":[{"href":"https:\/\/sabuguinho.com.br\/site\/wp-json\/wp\/v2\/media?parent=13899"}],"wp:term":[{"taxonomy":"category","embeddable":true,"href":"https:\/\/sabuguinho.com.br\/site\/wp-json\/wp\/v2\/categories?post=13899"},{"taxonomy":"post_tag","embeddable":true,"href":"https:\/\/sabuguinho.com.br\/site\/wp-json\/wp\/v2\/tags?post=13899"}],"curies":[{"name":"wp","href":"https:\/\/api.w.org\/{rel}","templated":true}]}}