{"id":13896,"date":"2024-10-17T15:05:18","date_gmt":"2024-10-17T18:05:18","guid":{"rendered":"https:\/\/sabuguinho.com.br\/site\/?p=13896"},"modified":"2024-10-17T15:05:18","modified_gmt":"2024-10-17T18:05:18","slug":"tarcisio-promete-e-valdemar-cre-em-filiacao-de-governador-ao-pl","status":"publish","type":"post","link":"https:\/\/sabuguinho.com.br\/site\/tarcisio-promete-e-valdemar-cre-em-filiacao-de-governador-ao-pl\/","title":{"rendered":"Tarc\u00edsio promete e Valdemar cr\u00ea em filia\u00e7\u00e3o de governador ao PL"},"content":{"rendered":"<p>Em entrevista \u00e0 CNN Brasil, Valdemar acredita que o governador de SP ainda n\u00e3o trocou de partido porque n\u00e3o queria prejudicar o Republicanos durante as elei\u00e7\u00f5es municipais<\/p>\n<p>O presidente do Partido Liberal (PL), Valdemar Costa Neto, relatou que j\u00e1 foi comunicado pelo governador de S\u00e3o Paulo, Tarc\u00edsio de Freitas (Republicanos), que ingressar\u00e1 no partido. Contudo, ainda n\u00e3o h\u00e1 previs\u00e3o de data<br \/>\nEm entrevista \u00e0 \u201cCNN Brasil\u201d, Valdemar acredita que o governador ainda n\u00e3o trocou de partido porque n\u00e3o queria prejudicar o Republicanos durante as elei\u00e7\u00f5es municipais.<br \/>\n\u201cO Tarc\u00edsio \u00e9 que me falou que vem para o PL. Eu nunca perguntei para ele. Estava sempre saindo na imprensa e o Tarc\u00edsio, em um jantar, eu, ele e [o senador] Rog\u00e9rio Marinho, me comunicou que vinha para o PL. Eu disse pra ele que vou fazer a maior festa que eu j\u00e1 fiz para um pol\u00edtico no Brasil l\u00e1 em S\u00e3o Paulo\u201d, disse, completando<br \/>\nN\u00e3o tenho d\u00favida que ele vem. E \u00e9 muito importante para n\u00f3s. Tenho a impress\u00e3o que ele n\u00e3o saiu at\u00e9 agora para n\u00e3o prejudicar o Republicanos na elei\u00e7\u00e3o municipal\u201d, completou.<\/p>\n<p>Legenda<br \/>\nValdemar Costa Neto e Tarc\u00edsio de Freitas<\/p>\n","protected":false},"excerpt":{"rendered":"<p>Em entrevista \u00e0 CNN Brasil, Valdemar acredita que o governador de SP ainda n\u00e3o trocou de partido porque n\u00e3o queria prejudicar o Republicanos durante as elei\u00e7\u00f5es municipais O presidente do Partido Liberal (PL), Valdemar Costa Neto, relatou que j\u00e1 foi comunicado pelo governador de S\u00e3o Paulo, Tarc\u00edsio de Freitas (Republicanos), que ingressar\u00e1 no partido. Contudo, [&hellip;]<\/p>\n","protected":false},"author":2,"featured_media":13897,"comment_status":"open","ping_status":"open","sticky":false,"template":"","format":"standard","meta":{"footnotes":""},"categories":[1],"tags":[],"_links":{"self":[{"href":"https:\/\/sabuguinho.com.br\/site\/wp-json\/wp\/v2\/posts\/13896"}],"collection":[{"href":"https:\/\/sabuguinho.com.br\/site\/wp-json\/wp\/v2\/posts"}],"about":[{"href":"https:\/\/sabuguinho.com.br\/site\/wp-json\/wp\/v2\/types\/post"}],"author":[{"embeddable":true,"href":"https:\/\/sabuguinho.com.br\/site\/wp-json\/wp\/v2\/users\/2"}],"replies":[{"embeddable":true,"href":"https:\/\/sabuguinho.com.br\/site\/wp-json\/wp\/v2\/comments?post=13896"}],"version-history":[{"count":1,"href":"https:\/\/sabuguinho.com.br\/site\/wp-json\/wp\/v2\/posts\/13896\/revisions"}],"predecessor-version":[{"id":13898,"href":"https:\/\/sabuguinho.com.br\/site\/wp-json\/wp\/v2\/posts\/13896\/revisions\/13898"}],"wp:featuredmedia":[{"embeddable":true,"href":"https:\/\/sabuguinho.com.br\/site\/wp-json\/wp\/v2\/media\/13897"}],"wp:attachment":[{"href":"https:\/\/sabuguinho.com.br\/site\/wp-json\/wp\/v2\/media?parent=13896"}],"wp:term":[{"taxonomy":"category","embeddable":true,"href":"https:\/\/sabuguinho.com.br\/site\/wp-json\/wp\/v2\/categories?post=13896"},{"taxonomy":"post_tag","embeddable":true,"href":"https:\/\/sabuguinho.com.br\/site\/wp-json\/wp\/v2\/tags?post=13896"}],"curies":[{"name":"wp","href":"https:\/\/api.w.org\/{rel}","templated":true}]}}