{"id":13876,"date":"2024-10-17T12:17:07","date_gmt":"2024-10-17T15:17:07","guid":{"rendered":"https:\/\/sabuguinho.com.br\/site\/?p=13876"},"modified":"2024-10-17T12:20:52","modified_gmt":"2024-10-17T15:20:52","slug":"professor-edson-dias-lopes-fica-em-2-lugar-em-florianopolis-santa-catarina","status":"publish","type":"post","link":"https:\/\/sabuguinho.com.br\/site\/professor-edson-dias-lopes-fica-em-2-lugar-em-florianopolis-santa-catarina\/","title":{"rendered":"Professor Edson D\u00edas Lopes fica em 2\u00b0 lugar em Florian\u00f3polis\/Santa Catarina na faixa de 75 anos"},"content":{"rendered":"<p>\nO professor avareense Edson D\u00edas Lopes participou de ma\u00eds uma corrida em Florian\u00f3polis.<br \/>\nEdson foi na classifica\u00e7\u00e3o no geral disputando com atletas mais novos e sendo segundo lugar na minha faixa et\u00e1ria at\u00e9 75 anos<br \/>\nEssa corrida ocorreu agora no dia 13\/10 em Florian\u00f3polis,pois \u00e9 um evento que homenageia as mulheres no m\u00eas de outubro, por isso se  chama Movimento Rosae e fiz um tempo de 54 minutos, classificando no geral em 65 e segundo lugar na minha faixa et\u00e1ria!, finalizou o professor.<\/p>\n<p><img loading=\"lazy\" decoding=\"async\" src=\"https:\/\/sabuguinho.com.br\/site\/wp-content\/uploads\/2024\/10\/IMG-20241013-WA0056-113x150.jpg\" alt=\"\" width=\"113\" height=\"150\" class=\"alignnone size-medium wp-image-13878\" srcset=\"https:\/\/sabuguinho.com.br\/site\/wp-content\/uploads\/2024\/10\/IMG-20241013-WA0056-113x150.jpg 113w, https:\/\/sabuguinho.com.br\/site\/wp-content\/uploads\/2024\/10\/IMG-20241013-WA0056-384x512.jpg 384w, https:\/\/sabuguinho.com.br\/site\/wp-content\/uploads\/2024\/10\/IMG-20241013-WA0056-768x1024.jpg 768w, https:\/\/sabuguinho.com.br\/site\/wp-content\/uploads\/2024\/10\/IMG-20241013-WA0056-750x1000.jpg 750w, https:\/\/sabuguinho.com.br\/site\/wp-content\/uploads\/2024\/10\/IMG-20241013-WA0056.jpg 960w\" sizes=\"(max-width: 113px) 100vw, 113px\" \/><\/p>\n","protected":false},"excerpt":{"rendered":"<p>O professor avareense Edson D\u00edas Lopes participou de ma\u00eds uma corrida em Florian\u00f3polis. Edson foi na classifica\u00e7\u00e3o no geral disputando com atletas mais novos e sendo segundo lugar na minha faixa et\u00e1ria at\u00e9 75 anos Essa corrida ocorreu agora no dia 13\/10 em Florian\u00f3polis,pois \u00e9 um evento que homenageia as mulheres no m\u00eas de outubro, [&hellip;]<\/p>\n","protected":false},"author":2,"featured_media":13877,"comment_status":"open","ping_status":"open","sticky":false,"template":"","format":"standard","meta":{"footnotes":""},"categories":[45],"tags":[],"_links":{"self":[{"href":"https:\/\/sabuguinho.com.br\/site\/wp-json\/wp\/v2\/posts\/13876"}],"collection":[{"href":"https:\/\/sabuguinho.com.br\/site\/wp-json\/wp\/v2\/posts"}],"about":[{"href":"https:\/\/sabuguinho.com.br\/site\/wp-json\/wp\/v2\/types\/post"}],"author":[{"embeddable":true,"href":"https:\/\/sabuguinho.com.br\/site\/wp-json\/wp\/v2\/users\/2"}],"replies":[{"embeddable":true,"href":"https:\/\/sabuguinho.com.br\/site\/wp-json\/wp\/v2\/comments?post=13876"}],"version-history":[{"count":3,"href":"https:\/\/sabuguinho.com.br\/site\/wp-json\/wp\/v2\/posts\/13876\/revisions"}],"predecessor-version":[{"id":13881,"href":"https:\/\/sabuguinho.com.br\/site\/wp-json\/wp\/v2\/posts\/13876\/revisions\/13881"}],"wp:featuredmedia":[{"embeddable":true,"href":"https:\/\/sabuguinho.com.br\/site\/wp-json\/wp\/v2\/media\/13877"}],"wp:attachment":[{"href":"https:\/\/sabuguinho.com.br\/site\/wp-json\/wp\/v2\/media?parent=13876"}],"wp:term":[{"taxonomy":"category","embeddable":true,"href":"https:\/\/sabuguinho.com.br\/site\/wp-json\/wp\/v2\/categories?post=13876"},{"taxonomy":"post_tag","embeddable":true,"href":"https:\/\/sabuguinho.com.br\/site\/wp-json\/wp\/v2\/tags?post=13876"}],"curies":[{"name":"wp","href":"https:\/\/api.w.org\/{rel}","templated":true}]}}