{"id":13861,"date":"2024-10-16T20:28:46","date_gmt":"2024-10-16T23:28:46","guid":{"rendered":"https:\/\/sabuguinho.com.br\/site\/?p=13861"},"modified":"2024-10-16T20:28:46","modified_gmt":"2024-10-16T23:28:46","slug":"legislativo-de-avare-aprova-liberacao-de-mais-de-r-3-milhoes-para-secretaria-da-educacao","status":"publish","type":"post","link":"https:\/\/sabuguinho.com.br\/site\/legislativo-de-avare-aprova-liberacao-de-mais-de-r-3-milhoes-para-secretaria-da-educacao\/","title":{"rendered":"Legislativo de Avar\u00e9 aprova libera\u00e7\u00e3o de mais de R$ 3 milh\u00f5es para Secretaria da Educa\u00e7\u00e3o"},"content":{"rendered":"<p>Valores ser\u00e3o destinados para remunera\u00e7\u00e3o dos profissionais da educa\u00e7\u00e3o b\u00e1sica em efetivo exerc\u00edcio<\/p>\n<p>A C\u00e2mara de Vereadores de Avar\u00e9 aprovou o projeto de lei 148\/2024 que autoriza a abertura de um cr\u00e9dito adicional suplementar, no valor de mais de R$ 3 milh\u00f5es, para a Secretaria Municipal da Educa\u00e7\u00e3o. O projeto tramitou em regime de urg\u00eancia dentro da Casa Legislativa.<br \/>\nA propositura foi aprovada por unanimidade na 30\u00aa sess\u00e3o ordin\u00e1ria de 2024, realizada no dia 15 de outubro. O cr\u00e9dito adicional suplementar \u00e9 destinado ao refor\u00e7o das dota\u00e7\u00f5es or\u00e7ament\u00e1rias, sendo autorizado por lei.<br \/>\nO cr\u00e9dito \u00e9 decorrente de excedente de arrecada\u00e7\u00e3o de recurso do Fundo Nacional de Desenvolvimento da Educa\u00e7\u00e3o (Fundeb). A lei autoriza o Poder Executivo a lan\u00e7ar no or\u00e7amento o valor de R$ 3.075.496,44 para atendimento \u00e0s despesas decorrentes da manuten\u00e7\u00e3o do desenvolvimento do ensino.<br \/>\nA verba ser\u00e1 aplicada no programa \u201cEduca\u00e7\u00e3o B\u00e1sica com Qualidade\u201d nas atividades do ensino fundamental, pr\u00e9-escola e creche. Os valores ser\u00e3o destinados \u00e0 implementa\u00e7\u00e3o de a\u00e7\u00f5es na manuten\u00e7\u00e3o da educa\u00e7\u00e3o b\u00e1sica, sendo, como a remunera\u00e7\u00e3o dos profissionais da educa\u00e7\u00e3o b\u00e1sica em efetivo exerc\u00edcio.<\/p>\n<p>Mais recursos<\/p>\n<p>Os parlamentares tamb\u00e9m aprovaram o Projeto de Lei que destina R$ 16.561,17 para a Educa\u00e7\u00e3o Municipal. O recurso \u00e9 fruto da complementa\u00e7\u00e3o da Uni\u00e3o ao Fundeb, na modalidade de &#8220;Valor Aluno Ano Resultado&#8221; (VAAR).<br \/>\nA verba p\u00fablica ser\u00e1 destinada para compra de material de consumo.<br \/>\nOs projetos receberam parecer favor\u00e1vel da Assessoria Jur\u00eddica da C\u00e2mara de Avar\u00e9 e das comiss\u00f5es de Constitui\u00e7\u00e3o, Justi\u00e7a e Reda\u00e7\u00e3o; e de Finan\u00e7as, Or\u00e7amento e Direitos do Consumidor.<br \/>\nOs textos seguem agora para san\u00e7\u00e3o e publica\u00e7\u00e3o pelo Poder Executivo.<\/p>\n","protected":false},"excerpt":{"rendered":"<p>Valores ser\u00e3o destinados para remunera\u00e7\u00e3o dos profissionais da educa\u00e7\u00e3o b\u00e1sica em efetivo exerc\u00edcio A C\u00e2mara de Vereadores de Avar\u00e9 aprovou o projeto de lei 148\/2024 que autoriza a abertura de um cr\u00e9dito adicional suplementar, no valor de mais de R$ 3 milh\u00f5es, para a Secretaria Municipal da Educa\u00e7\u00e3o. O projeto tramitou em regime de urg\u00eancia [&hellip;]<\/p>\n","protected":false},"author":2,"featured_media":3464,"comment_status":"open","ping_status":"open","sticky":false,"template":"","format":"standard","meta":{"footnotes":""},"categories":[58],"tags":[],"_links":{"self":[{"href":"https:\/\/sabuguinho.com.br\/site\/wp-json\/wp\/v2\/posts\/13861"}],"collection":[{"href":"https:\/\/sabuguinho.com.br\/site\/wp-json\/wp\/v2\/posts"}],"about":[{"href":"https:\/\/sabuguinho.com.br\/site\/wp-json\/wp\/v2\/types\/post"}],"author":[{"embeddable":true,"href":"https:\/\/sabuguinho.com.br\/site\/wp-json\/wp\/v2\/users\/2"}],"replies":[{"embeddable":true,"href":"https:\/\/sabuguinho.com.br\/site\/wp-json\/wp\/v2\/comments?post=13861"}],"version-history":[{"count":1,"href":"https:\/\/sabuguinho.com.br\/site\/wp-json\/wp\/v2\/posts\/13861\/revisions"}],"predecessor-version":[{"id":13862,"href":"https:\/\/sabuguinho.com.br\/site\/wp-json\/wp\/v2\/posts\/13861\/revisions\/13862"}],"wp:featuredmedia":[{"embeddable":true,"href":"https:\/\/sabuguinho.com.br\/site\/wp-json\/wp\/v2\/media\/3464"}],"wp:attachment":[{"href":"https:\/\/sabuguinho.com.br\/site\/wp-json\/wp\/v2\/media?parent=13861"}],"wp:term":[{"taxonomy":"category","embeddable":true,"href":"https:\/\/sabuguinho.com.br\/site\/wp-json\/wp\/v2\/categories?post=13861"},{"taxonomy":"post_tag","embeddable":true,"href":"https:\/\/sabuguinho.com.br\/site\/wp-json\/wp\/v2\/tags?post=13861"}],"curies":[{"name":"wp","href":"https:\/\/api.w.org\/{rel}","templated":true}]}}