{"id":13840,"date":"2024-10-16T09:14:19","date_gmt":"2024-10-16T12:14:19","guid":{"rendered":"https:\/\/sabuguinho.com.br\/site\/?p=13840"},"modified":"2024-10-16T09:14:19","modified_gmt":"2024-10-16T12:14:19","slug":"itaporanga-bicicleta-furtada-e-recuperada-e-autor-do-crime-preso-em-flagrante","status":"publish","type":"post","link":"https:\/\/sabuguinho.com.br\/site\/itaporanga-bicicleta-furtada-e-recuperada-e-autor-do-crime-preso-em-flagrante\/","title":{"rendered":"ITAPORANGA  &#8211;  Bicicleta furtada \u00e9 recuperada e autor do crime preso em flagrante"},"content":{"rendered":"<p>Uma bicicleta foi recuperada e o autor de um furto foi preso em flagrante na tarde de ter\u00e7a-feira, dia 16\/10, em Itaporanga, em uma opera\u00e7\u00e3o conjunta entre a Pol\u00edcia Civil e a Pol\u00edcia Militar da cidade. O crime ocorreu por volta das 14h, quando a v\u00edtima, ao verificar as c\u00e2meras de seguran\u00e7a, notou um homem entrando na garagem de uma resid\u00eancia e levando o ve\u00edculo. O autor, que j\u00e1 possui hist\u00f3rico de crimes semelhantes, foi detido nas proximidades de uma rodovia da regi\u00e3o.<br \/>\nAp\u00f3s perceber o desaparecimento da bicicleta, a v\u00edtima acionou as autoridades policiais. Rapidamente, equipes da Pol\u00edcia Civil e da Pol\u00edcia Militar iniciaram buscas pelo suspeito, que foi localizado em uma rodovia nas proximidades de um leil\u00e3o, ainda em posse do objeto furtado. A bicicleta foi apreendida e devolvida \u00e0 v\u00edtima.<br \/>\nO homem, de 26 anos, identificado como um reincidente em crimes contra o patrim\u00f4nio, recebeu voz de pris\u00e3o no local. Ele foi conduzido \u00e0 Delegacia de Pol\u00edcia para o registro do flagrante, onde foi constatado que j\u00e1 tinha antecedentes por outros furtos.<br \/>\nO autor do aguardar\u00e1 audi\u00eancia de cust\u00f3dia. Se a priva\u00e7\u00e3o da liberdade for mantida ele ser\u00e1 transferido para uma das unidades do sistema penitenci\u00e1rio na regi\u00e3o.<br \/>\nA Pol\u00edcia Civil ressalta a import\u00e2ncia da den\u00fancia r\u00e1pida por parte das v\u00edtimas, o que facilita a a\u00e7\u00e3o imediata das for\u00e7as de seguran\u00e7a. As investiga\u00e7\u00f5es prosseguem para verificar a poss\u00edvel participa\u00e7\u00e3o do suspeito em outros crimes semelhantes na regi\u00e3o.<\/p>\n","protected":false},"excerpt":{"rendered":"<p>Uma bicicleta foi recuperada e o autor de um furto foi preso em flagrante na tarde de ter\u00e7a-feira, dia 16\/10, em Itaporanga, em uma opera\u00e7\u00e3o conjunta entre a Pol\u00edcia Civil e a Pol\u00edcia Militar da cidade. O crime ocorreu por volta das 14h, quando a v\u00edtima, ao verificar as c\u00e2meras de seguran\u00e7a, notou um homem [&hellip;]<\/p>\n","protected":false},"author":2,"featured_media":13841,"comment_status":"open","ping_status":"open","sticky":false,"template":"","format":"standard","meta":{"footnotes":""},"categories":[52],"tags":[],"_links":{"self":[{"href":"https:\/\/sabuguinho.com.br\/site\/wp-json\/wp\/v2\/posts\/13840"}],"collection":[{"href":"https:\/\/sabuguinho.com.br\/site\/wp-json\/wp\/v2\/posts"}],"about":[{"href":"https:\/\/sabuguinho.com.br\/site\/wp-json\/wp\/v2\/types\/post"}],"author":[{"embeddable":true,"href":"https:\/\/sabuguinho.com.br\/site\/wp-json\/wp\/v2\/users\/2"}],"replies":[{"embeddable":true,"href":"https:\/\/sabuguinho.com.br\/site\/wp-json\/wp\/v2\/comments?post=13840"}],"version-history":[{"count":1,"href":"https:\/\/sabuguinho.com.br\/site\/wp-json\/wp\/v2\/posts\/13840\/revisions"}],"predecessor-version":[{"id":13842,"href":"https:\/\/sabuguinho.com.br\/site\/wp-json\/wp\/v2\/posts\/13840\/revisions\/13842"}],"wp:featuredmedia":[{"embeddable":true,"href":"https:\/\/sabuguinho.com.br\/site\/wp-json\/wp\/v2\/media\/13841"}],"wp:attachment":[{"href":"https:\/\/sabuguinho.com.br\/site\/wp-json\/wp\/v2\/media?parent=13840"}],"wp:term":[{"taxonomy":"category","embeddable":true,"href":"https:\/\/sabuguinho.com.br\/site\/wp-json\/wp\/v2\/categories?post=13840"},{"taxonomy":"post_tag","embeddable":true,"href":"https:\/\/sabuguinho.com.br\/site\/wp-json\/wp\/v2\/tags?post=13840"}],"curies":[{"name":"wp","href":"https:\/\/api.w.org\/{rel}","templated":true}]}}