{"id":13814,"date":"2024-10-15T12:03:18","date_gmt":"2024-10-15T15:03:18","guid":{"rendered":"https:\/\/sabuguinho.com.br\/site\/?p=13814"},"modified":"2024-10-15T12:03:18","modified_gmt":"2024-10-15T15:03:18","slug":"zubeldia-promove-treino-tatico-para-os-titulares-do-sao-paulo","status":"publish","type":"post","link":"https:\/\/sabuguinho.com.br\/site\/zubeldia-promove-treino-tatico-para-os-titulares-do-sao-paulo\/","title":{"rendered":"Zubeld\u00eda promove treino t\u00e1tico para os titulares do S\u00e3o Paulo"},"content":{"rendered":"<p>Fonte: G1 \u2013 Foto: Erico Leonan\/saopaulofc.net<\/p>\n<p>A segunda-feira foi de treino t\u00e1tico para parte do elenco do S\u00e3o Paulo, em mais um dia de prepara\u00e7\u00e3o para o confronto contra o Vasco, quarta-feira, \u00e0s 21h45 (de Bras\u00edlia), em Campinas, pelo Brasileir\u00e3o.<br \/>\nAp\u00f3s quatro dias de atividades na semana passada durante a Data Fifa, o elenco teve folga no domingo e se reapresentou no CT da Barra Funda pela manh\u00e3<br \/>\nDesfalque h\u00e1 quase dois meses por causa de uma les\u00e3o na perna esquerda, o atacante Ferreira n\u00e3o aparece nas fotos de treino divulgadas pelo clube nas sess\u00f5es de s\u00e1bado e de segunda-feira. Ele tamb\u00e9m n\u00e3o integrou o jogo-treino da \u00faltima sexta, que contou s\u00f3 com reservas. O clube diz que Ferreira segue o planejamento tra\u00e7ado normalmente.<\/p>\n<p>Legenda<br \/>\n<img loading=\"lazy\" decoding=\"async\" src=\"https:\/\/sabuguinho.com.br\/site\/wp-content\/uploads\/2024\/10\/54067201288-c28fdb50dd-o-120x150.jpg\" alt=\"\" width=\"120\" height=\"150\" class=\"alignnone size-medium wp-image-13815\" srcset=\"https:\/\/sabuguinho.com.br\/site\/wp-content\/uploads\/2024\/10\/54067201288-c28fdb50dd-o-120x150.jpg 120w, https:\/\/sabuguinho.com.br\/site\/wp-content\/uploads\/2024\/10\/54067201288-c28fdb50dd-o-410x512.jpg 410w, https:\/\/sabuguinho.com.br\/site\/wp-content\/uploads\/2024\/10\/54067201288-c28fdb50dd-o-768x960.jpg 768w, https:\/\/sabuguinho.com.br\/site\/wp-content\/uploads\/2024\/10\/54067201288-c28fdb50dd-o-750x938.jpg 750w, https:\/\/sabuguinho.com.br\/site\/wp-content\/uploads\/2024\/10\/54067201288-c28fdb50dd-o.jpg 984w\" sizes=\"(max-width: 120px) 100vw, 120px\" \/><\/p>\n<p>No momento, a comiss\u00e3o t\u00e9cnica n\u00e3o conta com tr\u00eas jogadores, que est\u00e3o com suas sele\u00e7\u00f5es: o lateral Jamal Lewis, que defende a Irlanda do Norte na Liga das Na\u00e7\u00f5es; o zagueiro Ferraresi, que est\u00e1 com a Venezuela, e o volante Bobadilla, que defende o Paraguai, os dois \u00faltimos em jogos das Eliminat\u00f3rias da Copa. Eles n\u00e3o ir\u00e3o integrar a viagem a Campinas<br \/>\nLuis Zubeld\u00eda tamb\u00e9m ter\u00e1 os desfalques de Arboleda e Andr\u00e9 Silva, suspensos. Calleri e Alan Franco, que cumpriram suspens\u00e3o no s\u00e1bado, podem voltar \u00e0 equipe.<br \/>\nUma prov\u00e1vel escala\u00e7\u00e3o pode ter Rafael, Rafinha, Sabino, Alan Franco e Welington; Luiz Gustavo e Marcos Ant\u00f4nio; Lucas, Luciano e Wellington Rato; Caller<\/p>\n<p><img loading=\"lazy\" decoding=\"async\" src=\"https:\/\/sabuguinho.com.br\/site\/wp-content\/uploads\/2024\/10\/54067407030-4085ebe5b6-o-120x150.jpg\" alt=\"\" width=\"120\" height=\"150\" class=\"alignnone size-medium wp-image-13816\" srcset=\"https:\/\/sabuguinho.com.br\/site\/wp-content\/uploads\/2024\/10\/54067407030-4085ebe5b6-o-120x150.jpg 120w, https:\/\/sabuguinho.com.br\/site\/wp-content\/uploads\/2024\/10\/54067407030-4085ebe5b6-o-410x512.jpg 410w, https:\/\/sabuguinho.com.br\/site\/wp-content\/uploads\/2024\/10\/54067407030-4085ebe5b6-o-768x960.jpg 768w, https:\/\/sabuguinho.com.br\/site\/wp-content\/uploads\/2024\/10\/54067407030-4085ebe5b6-o-750x938.jpg 750w, https:\/\/sabuguinho.com.br\/site\/wp-content\/uploads\/2024\/10\/54067407030-4085ebe5b6-o.jpg 984w\" sizes=\"(max-width: 120px) 100vw, 120px\" \/><\/p>\n<p>Legenda<br \/>\nLucas no treino do S\u00e3o Paulo (Foto: Erico Leonan\/saopaulofc.net)<\/p>\n<p>O Tricolor tem 47 pontos e ocupa a 5\u00aa coloca\u00e7\u00e3o do Campeonato Brasileiro. A equipe s\u00e3o-paulina est\u00e1 quatro pontos atr\u00e1s do Flamengo, que hoje est\u00e1 na quarta posi\u00e7\u00e3o da competi\u00e7\u00e3o nacional<\/p>\n","protected":false},"excerpt":{"rendered":"<p>Fonte: G1 \u2013 Foto: Erico Leonan\/saopaulofc.net A segunda-feira foi de treino t\u00e1tico para parte do elenco do S\u00e3o Paulo, em mais um dia de prepara\u00e7\u00e3o para o confronto contra o Vasco, quarta-feira, \u00e0s 21h45 (de Bras\u00edlia), em Campinas, pelo Brasileir\u00e3o. Ap\u00f3s quatro dias de atividades na semana passada durante a Data Fifa, o elenco teve [&hellip;]<\/p>\n","protected":false},"author":2,"featured_media":13817,"comment_status":"open","ping_status":"open","sticky":false,"template":"","format":"standard","meta":{"footnotes":""},"categories":[45],"tags":[],"_links":{"self":[{"href":"https:\/\/sabuguinho.com.br\/site\/wp-json\/wp\/v2\/posts\/13814"}],"collection":[{"href":"https:\/\/sabuguinho.com.br\/site\/wp-json\/wp\/v2\/posts"}],"about":[{"href":"https:\/\/sabuguinho.com.br\/site\/wp-json\/wp\/v2\/types\/post"}],"author":[{"embeddable":true,"href":"https:\/\/sabuguinho.com.br\/site\/wp-json\/wp\/v2\/users\/2"}],"replies":[{"embeddable":true,"href":"https:\/\/sabuguinho.com.br\/site\/wp-json\/wp\/v2\/comments?post=13814"}],"version-history":[{"count":1,"href":"https:\/\/sabuguinho.com.br\/site\/wp-json\/wp\/v2\/posts\/13814\/revisions"}],"predecessor-version":[{"id":13818,"href":"https:\/\/sabuguinho.com.br\/site\/wp-json\/wp\/v2\/posts\/13814\/revisions\/13818"}],"wp:featuredmedia":[{"embeddable":true,"href":"https:\/\/sabuguinho.com.br\/site\/wp-json\/wp\/v2\/media\/13817"}],"wp:attachment":[{"href":"https:\/\/sabuguinho.com.br\/site\/wp-json\/wp\/v2\/media?parent=13814"}],"wp:term":[{"taxonomy":"category","embeddable":true,"href":"https:\/\/sabuguinho.com.br\/site\/wp-json\/wp\/v2\/categories?post=13814"},{"taxonomy":"post_tag","embeddable":true,"href":"https:\/\/sabuguinho.com.br\/site\/wp-json\/wp\/v2\/tags?post=13814"}],"curies":[{"name":"wp","href":"https:\/\/api.w.org\/{rel}","templated":true}]}}