{"id":13811,"date":"2024-10-15T11:54:01","date_gmt":"2024-10-15T14:54:01","guid":{"rendered":"https:\/\/sabuguinho.com.br\/site\/?p=13811"},"modified":"2024-10-15T11:54:01","modified_gmt":"2024-10-15T14:54:01","slug":"cultura-41a-fampop-e-transferida-para-novembro-diante-do-risco-de-chuva","status":"publish","type":"post","link":"https:\/\/sabuguinho.com.br\/site\/cultura-41a-fampop-e-transferida-para-novembro-diante-do-risco-de-chuva\/","title":{"rendered":"CULTURA &#8211;  41\u00aa Fampop \u00e9 transferida para novembro diante do risco de chuva"},"content":{"rendered":"<p>Evento aberto ao p\u00fablico agora vai acontecer nos dias 2 e 3 de novembro no Projeto Cord\u00e3o<\/p>\n<p>A Comiss\u00e3o Organizadora anuncia o adiamento da 41\u00aa Feira Avareense da M\u00fasica Popular (Fampop)-Mostra de M\u00fasica Avareense.<br \/>\nO motivo \u00e9 a alta probabilidade de chuva prevista para os dias 19 e 20 de outubro. Com isso, o evento foi transferido para os dias 2 e 3 de novembro.<br \/>\nA edi\u00e7\u00e3o especial \u00e9 uma realiza\u00e7\u00e3o da R\u00e1dio Avar\u00e9 FM em parceria com a Faculdade Eduvale de Avar\u00e9, Secretaria Municipal de Cultura e Projeto Cord\u00e3o, por meio de recursos da Pol\u00edtica Nacional Aldir Blanc de Fomento \u00e0 Cultura (PNAB).<br \/>\nEm formato de mostra, a 41\u00aa Fampop \u00e9 voltada exclusivamente para artistas de Avar\u00e9 que j\u00e1 estiveram nos palcos do festival avareense, um dos mais tradicionais do Brasil.<br \/>\n\u201cO objetivo \u00e9 prestigiar o trabalho do artista avareense, incluindo cantores, int\u00e9rpretes e compositores\u201d, afirma a organiza\u00e7\u00e3o. A premia\u00e7\u00e3o soma R$ 45 mil. Confira abaixo os selecionados.<\/p>\n<p>Vanessa Reis<\/p>\n<p>A cantora Vanessa Reis, int\u00e9rprete oficial da can\u00e7\u00e3o oficial da Fampop, \u00e9 a patrona da edi\u00e7\u00e3o e vai subir ao palco acompanhada de sua banda.<\/p>\n<p>Local<\/p>\n<p>Aberta ao p\u00fablico, a 41\u00aa Fampop&#8211;Mostra de M\u00fasica Avareense acontece no s\u00e1bado, 2, e domingo, 3 de novembro, a partir das 14 horas no Projeto Cord\u00e3o.<br \/>\nO endere\u00e7o \u00e9 Travessa Virg\u00edlio de Ara\u00fajo Valim, n\u00ba 167, no Distrito Industrial Primavera.<\/p>\n","protected":false},"excerpt":{"rendered":"<p>Evento aberto ao p\u00fablico agora vai acontecer nos dias 2 e 3 de novembro no Projeto Cord\u00e3o A Comiss\u00e3o Organizadora anuncia o adiamento da 41\u00aa Feira Avareense da M\u00fasica Popular (Fampop)-Mostra de M\u00fasica Avareense. O motivo \u00e9 a alta probabilidade de chuva prevista para os dias 19 e 20 de outubro. Com isso, o evento [&hellip;]<\/p>\n","protected":false},"author":2,"featured_media":13812,"comment_status":"open","ping_status":"open","sticky":false,"template":"","format":"standard","meta":{"footnotes":""},"categories":[58],"tags":[],"_links":{"self":[{"href":"https:\/\/sabuguinho.com.br\/site\/wp-json\/wp\/v2\/posts\/13811"}],"collection":[{"href":"https:\/\/sabuguinho.com.br\/site\/wp-json\/wp\/v2\/posts"}],"about":[{"href":"https:\/\/sabuguinho.com.br\/site\/wp-json\/wp\/v2\/types\/post"}],"author":[{"embeddable":true,"href":"https:\/\/sabuguinho.com.br\/site\/wp-json\/wp\/v2\/users\/2"}],"replies":[{"embeddable":true,"href":"https:\/\/sabuguinho.com.br\/site\/wp-json\/wp\/v2\/comments?post=13811"}],"version-history":[{"count":1,"href":"https:\/\/sabuguinho.com.br\/site\/wp-json\/wp\/v2\/posts\/13811\/revisions"}],"predecessor-version":[{"id":13813,"href":"https:\/\/sabuguinho.com.br\/site\/wp-json\/wp\/v2\/posts\/13811\/revisions\/13813"}],"wp:featuredmedia":[{"embeddable":true,"href":"https:\/\/sabuguinho.com.br\/site\/wp-json\/wp\/v2\/media\/13812"}],"wp:attachment":[{"href":"https:\/\/sabuguinho.com.br\/site\/wp-json\/wp\/v2\/media?parent=13811"}],"wp:term":[{"taxonomy":"category","embeddable":true,"href":"https:\/\/sabuguinho.com.br\/site\/wp-json\/wp\/v2\/categories?post=13811"},{"taxonomy":"post_tag","embeddable":true,"href":"https:\/\/sabuguinho.com.br\/site\/wp-json\/wp\/v2\/tags?post=13811"}],"curies":[{"name":"wp","href":"https:\/\/api.w.org\/{rel}","templated":true}]}}