{"id":13807,"date":"2024-10-15T11:46:44","date_gmt":"2024-10-15T14:46:44","guid":{"rendered":"https:\/\/sabuguinho.com.br\/site\/?p=13807"},"modified":"2024-10-15T11:46:44","modified_gmt":"2024-10-15T14:46:44","slug":"alunos-das-escolas-municipais-de-arandu-participarao-de-oficina-de-robotica-do-sesi","status":"publish","type":"post","link":"https:\/\/sabuguinho.com.br\/site\/alunos-das-escolas-municipais-de-arandu-participarao-de-oficina-de-robotica-do-sesi\/","title":{"rendered":"ALUNOS DAS ESCOLAS MUNICIPAIS DE ARANDU PARTICIPAR\u00c3O DE OFICINA DE ROB\u00d3TICA DO SESI"},"content":{"rendered":"<p>Entre os dias 15 e 18 de outubro, as escolas municipais de Arandu ser\u00e3o palco de uma iniciativa inovadora: a chegada da Unidade M\u00f3vel de Ci\u00eancia e Tecnologia \u2013 Carreta Rob\u00f3tica do SESI. Este projeto tem como objetivo promover a educa\u00e7\u00e3o tecnol\u00f3gica e a criatividade entre os alunos, especialmente aqueles do 3\u00ba, 4\u00ba e 5\u00ba anos, que participar\u00e3o da aula interativa intitulada \u201cCrach\u00e1 Digital\u201d.<br \/>\nDurante as oficinas, os estudantes ter\u00e3o a oportunidade de desenvolver um crach\u00e1 digital, o que envolve o aprendizado sobre placas controladoras e dispositivos de entrada e sa\u00edda de dados. Adicionalmente, os alunos ser\u00e3o introduzidos \u00e0 linguagem de programa\u00e7\u00e3o em blocos, uma ferramenta l\u00fadica e acess\u00edvel que estimula o racioc\u00ednio l\u00f3gico e a resolu\u00e7\u00e3o de problemas.<br \/>\nAs atividades propostas n\u00e3o apenas incentivam o aprendizado pr\u00e1tico de conceitos tecnol\u00f3gicos, mas tamb\u00e9m est\u00e3o alinhadas com as compet\u00eancias da Base Nacional Comum Curricular (BNCC).<br \/>\nOs alunos poder\u00e3o aplicar processos matem\u00e1ticos, utilizar tecnologias digitais de informa\u00e7\u00e3o e comunica\u00e7\u00e3o e explorar pr\u00e1ticas da cultura digital, preparando-os para um futuro cada vez mais tecnol\u00f3gico.<br \/>\nO projeto busca n\u00e3o apenas ensinar, mas tamb\u00e9m inspirar os jovens a se tornarem protagonistas no mundo digital que os cerca.<\/p>\n<p><img loading=\"lazy\" decoding=\"async\" src=\"https:\/\/sabuguinho.com.br\/site\/wp-content\/uploads\/2024\/10\/robotica-150x150.jpg\" alt=\"\" width=\"150\" height=\"150\" class=\"alignnone size-medium wp-image-13808\" srcset=\"https:\/\/sabuguinho.com.br\/site\/wp-content\/uploads\/2024\/10\/robotica-150x150.jpg 150w, https:\/\/sabuguinho.com.br\/site\/wp-content\/uploads\/2024\/10\/robotica-512x512.jpg 512w, https:\/\/sabuguinho.com.br\/site\/wp-content\/uploads\/2024\/10\/robotica-768x768.jpg 768w, https:\/\/sabuguinho.com.br\/site\/wp-content\/uploads\/2024\/10\/robotica-1536x1536.jpg 1536w, https:\/\/sabuguinho.com.br\/site\/wp-content\/uploads\/2024\/10\/robotica-75x75.jpg 75w, https:\/\/sabuguinho.com.br\/site\/wp-content\/uploads\/2024\/10\/robotica-750x750.jpg 750w, https:\/\/sabuguinho.com.br\/site\/wp-content\/uploads\/2024\/10\/robotica-1140x1140.jpg 1140w, https:\/\/sabuguinho.com.br\/site\/wp-content\/uploads\/2024\/10\/robotica.jpg 2000w\" sizes=\"(max-width: 150px) 100vw, 150px\" \/><\/p>\n","protected":false},"excerpt":{"rendered":"<p>Entre os dias 15 e 18 de outubro, as escolas municipais de Arandu ser\u00e3o palco de uma iniciativa inovadora: a chegada da Unidade M\u00f3vel de Ci\u00eancia e Tecnologia \u2013 Carreta Rob\u00f3tica do SESI. Este projeto tem como objetivo promover a educa\u00e7\u00e3o tecnol\u00f3gica e a criatividade entre os alunos, especialmente aqueles do 3\u00ba, 4\u00ba e 5\u00ba [&hellip;]<\/p>\n","protected":false},"author":2,"featured_media":13809,"comment_status":"open","ping_status":"open","sticky":false,"template":"","format":"standard","meta":{"footnotes":""},"categories":[51],"tags":[],"_links":{"self":[{"href":"https:\/\/sabuguinho.com.br\/site\/wp-json\/wp\/v2\/posts\/13807"}],"collection":[{"href":"https:\/\/sabuguinho.com.br\/site\/wp-json\/wp\/v2\/posts"}],"about":[{"href":"https:\/\/sabuguinho.com.br\/site\/wp-json\/wp\/v2\/types\/post"}],"author":[{"embeddable":true,"href":"https:\/\/sabuguinho.com.br\/site\/wp-json\/wp\/v2\/users\/2"}],"replies":[{"embeddable":true,"href":"https:\/\/sabuguinho.com.br\/site\/wp-json\/wp\/v2\/comments?post=13807"}],"version-history":[{"count":1,"href":"https:\/\/sabuguinho.com.br\/site\/wp-json\/wp\/v2\/posts\/13807\/revisions"}],"predecessor-version":[{"id":13810,"href":"https:\/\/sabuguinho.com.br\/site\/wp-json\/wp\/v2\/posts\/13807\/revisions\/13810"}],"wp:featuredmedia":[{"embeddable":true,"href":"https:\/\/sabuguinho.com.br\/site\/wp-json\/wp\/v2\/media\/13809"}],"wp:attachment":[{"href":"https:\/\/sabuguinho.com.br\/site\/wp-json\/wp\/v2\/media?parent=13807"}],"wp:term":[{"taxonomy":"category","embeddable":true,"href":"https:\/\/sabuguinho.com.br\/site\/wp-json\/wp\/v2\/categories?post=13807"},{"taxonomy":"post_tag","embeddable":true,"href":"https:\/\/sabuguinho.com.br\/site\/wp-json\/wp\/v2\/tags?post=13807"}],"curies":[{"name":"wp","href":"https:\/\/api.w.org\/{rel}","templated":true}]}}