{"id":13766,"date":"2024-10-14T11:30:07","date_gmt":"2024-10-14T14:30:07","guid":{"rendered":"https:\/\/sabuguinho.com.br\/site\/?p=13766"},"modified":"2024-10-14T11:32:13","modified_gmt":"2024-10-14T14:32:13","slug":"vale-do-paraiba-e-regiao-festa-da-padroeira-2024-devoto-da-padroeira-marcos-mion-visita-santuario-nacional-de-aparecida-com-a-familia","status":"publish","type":"post","link":"https:\/\/sabuguinho.com.br\/site\/vale-do-paraiba-e-regiao-festa-da-padroeira-2024-devoto-da-padroeira-marcos-mion-visita-santuario-nacional-de-aparecida-com-a-familia\/","title":{"rendered":"Vale do Para\u00edba e Regi\u00e3o Festa da Padroeira 2024 Devoto da Padroeira, Marcos Mion visita Santu\u00e1rio Nacional de Aparecida com a fam\u00edlia"},"content":{"rendered":"<p>Mion registrou a visita no domingo (13), ap\u00f3s o Dia de Nossa Senhora Aparecida, e elogiou a fachada sul da bas\u00edlica do santu\u00e1rio.<\/p>\n<p>Por g1 Vale do Para\u00edba e Regi\u00e3o<\/p>\n<p>O apresentador Marcos Mion visitou o Santu\u00e1rio Nacional de Nossa Senhora Aparecida com a fam\u00edlia neste domingo (13) e registrou o momento nas redes sociais.<br \/>\nA visita aconteceu um dia depois do Dia de Nossa Senhora Aparecida, feriado no pa\u00eds e quando pelo menos 117 mil devotos estiveram no santu\u00e1rio localizado em Aparecida, no interior de S\u00e3o Paulo<br \/>\nNas redes sociais, o apresentador do \u2018Caldeir\u00e3o com Mion\u2019, da TV Globo, postou fotos e v\u00eddeos da visita, em que estava acompanhado da esposa, dos filhos e at\u00e9 dos cachorros.<br \/>\nAos mais de 22 milh\u00f5es de seguidores no Instagram, Mion elogiou a fachada sul da bas\u00edlica do santu\u00e1rio. A estrutura foi inaugurada em maio deste ano e conta com diversos mosaicos.<\/p>\n<p>\u201cHoje, domingo, conseguimos vir at\u00e9 Aparecida. Vimos uma missa e agora estou conhecendo a nova fachada, a fachada sul, que \u00e9 um dos trabalhos mais lindos que eu j\u00e1 vi. Conta toda a hist\u00f3ria de Jesus, do nascimento \u00e0 crucifica\u00e7\u00e3o\u201d, disse o apresentador em v\u00eddeo.<\/p>\n<p><img loading=\"lazy\" decoding=\"async\" src=\"https:\/\/sabuguinho.com.br\/site\/wp-content\/uploads\/2024\/10\/whatsapp-image-2024-10-14-at-09.38.09-85x150.jpeg\" alt=\"\" width=\"85\" height=\"150\" class=\"alignnone size-medium wp-image-13767\" srcset=\"https:\/\/sabuguinho.com.br\/site\/wp-content\/uploads\/2024\/10\/whatsapp-image-2024-10-14-at-09.38.09-85x150.jpeg 85w, https:\/\/sabuguinho.com.br\/site\/wp-content\/uploads\/2024\/10\/whatsapp-image-2024-10-14-at-09.38.09-290x512.jpeg 290w, https:\/\/sabuguinho.com.br\/site\/wp-content\/uploads\/2024\/10\/whatsapp-image-2024-10-14-at-09.38.09.jpeg 600w\" sizes=\"(max-width: 85px) 100vw, 85px\" \/><\/p>\n<p>Legenda<br \/>\nApresentador da TV Globo, Marcos Mion visita Santu\u00e1rio Nacional de Aparecida com a fam\u00edlia \u2014 Foto: Reprodu\u00e7\u00e3o\/Instagram<br \/>\nAinda nas redes<\/p>\n<p>Ainda nas redes sociais, Marcos Mion afirmou que o Santu\u00e1rio Nacional de Aparecida deveria ser mais visitado por estrangeiros e disse que faz quest\u00e3o de visitar o local com a fam\u00edlia todo ano.<br \/>\nAl\u00e9m do apresentador, outros famosos publicaram sobre a devo\u00e7\u00e3o \u00e0 Padroeira do Brasil nos \u00faltimos dias. Thiaguinho, Ana Castela e Ana Maria Braga foram alguns dos nomes que homenagearam a Santa.<\/p>\n<p>Legenda 1<br \/>\nApresentador da TV Globo, Marcos Mion visita Santu\u00e1rio Nacional de Aparecida com a fam\u00edlia \u2014 Foto: Reprodu\u00e7\u00e3o\/Instagram<\/p>\n","protected":false},"excerpt":{"rendered":"<p>Mion registrou a visita no domingo (13), ap\u00f3s o Dia de Nossa Senhora Aparecida, e elogiou a fachada sul da bas\u00edlica do santu\u00e1rio. Por g1 Vale do Para\u00edba e Regi\u00e3o O apresentador Marcos Mion visitou o Santu\u00e1rio Nacional de Nossa Senhora Aparecida com a fam\u00edlia neste domingo (13) e registrou o momento nas redes sociais. [&hellip;]<\/p>\n","protected":false},"author":2,"featured_media":13768,"comment_status":"open","ping_status":"open","sticky":false,"template":"","format":"standard","meta":{"footnotes":""},"categories":[56],"tags":[],"_links":{"self":[{"href":"https:\/\/sabuguinho.com.br\/site\/wp-json\/wp\/v2\/posts\/13766"}],"collection":[{"href":"https:\/\/sabuguinho.com.br\/site\/wp-json\/wp\/v2\/posts"}],"about":[{"href":"https:\/\/sabuguinho.com.br\/site\/wp-json\/wp\/v2\/types\/post"}],"author":[{"embeddable":true,"href":"https:\/\/sabuguinho.com.br\/site\/wp-json\/wp\/v2\/users\/2"}],"replies":[{"embeddable":true,"href":"https:\/\/sabuguinho.com.br\/site\/wp-json\/wp\/v2\/comments?post=13766"}],"version-history":[{"count":3,"href":"https:\/\/sabuguinho.com.br\/site\/wp-json\/wp\/v2\/posts\/13766\/revisions"}],"predecessor-version":[{"id":13771,"href":"https:\/\/sabuguinho.com.br\/site\/wp-json\/wp\/v2\/posts\/13766\/revisions\/13771"}],"wp:featuredmedia":[{"embeddable":true,"href":"https:\/\/sabuguinho.com.br\/site\/wp-json\/wp\/v2\/media\/13768"}],"wp:attachment":[{"href":"https:\/\/sabuguinho.com.br\/site\/wp-json\/wp\/v2\/media?parent=13766"}],"wp:term":[{"taxonomy":"category","embeddable":true,"href":"https:\/\/sabuguinho.com.br\/site\/wp-json\/wp\/v2\/categories?post=13766"},{"taxonomy":"post_tag","embeddable":true,"href":"https:\/\/sabuguinho.com.br\/site\/wp-json\/wp\/v2\/tags?post=13766"}],"curies":[{"name":"wp","href":"https:\/\/api.w.org\/{rel}","templated":true}]}}