{"id":13681,"date":"2024-10-12T10:53:20","date_gmt":"2024-10-12T13:53:20","guid":{"rendered":"https:\/\/sabuguinho.com.br\/site\/?p=13681"},"modified":"2024-10-12T10:53:20","modified_gmt":"2024-10-12T13:53:20","slug":"cristiano-da-dupla-com-ze-neto-se-veste-de-batman","status":"publish","type":"post","link":"https:\/\/sabuguinho.com.br\/site\/cristiano-da-dupla-com-ze-neto-se-veste-de-batman\/","title":{"rendered":"Cristiano, da dupla com Z\u00e9 Neto, se veste de Batman"},"content":{"rendered":"<p>Cantor visitou Hospital da Crian\u00e7a e Maternidade de S\u00e3o Jos\u00e9 do Rio Preto-SP, acompanhado da esposa, Paula Vaccari, em a\u00e7\u00e3o pr\u00f3xima ao Dia das Crian\u00e7as<\/p>\n<p>Na \u00faltima quarta-feira (09), Cristiano, da dupla Z\u00e9 Neto e Cristiano, participou de um evento no Centro do Cora\u00e7\u00e3o da Crian\u00e7a, no Hospital da Crian\u00e7a e Maternidade de S\u00e3o Jos\u00e9 do Rio Preto, S\u00e3o Paulo. Acompanhado de sua esposa, Paula Vaccari, que \u00e9 embaixadora da institui\u00e7\u00e3o, ele levou presentes e alegria \u00e0s crian\u00e7as internadas<br \/>\nVestido de Batman, Cristiano promoveu momentos de divers\u00e3o e interagiu com os pequenos. Paula compartilhou fotos nas redes sociais, mostrando a tiara de Minnie que usava e destacando a import\u00e2ncia da visita.<br \/>\nEla comentou: &#8220;Ver o sorriso atrav\u00e9s dos olhares e sentir Jesus em cada toque \u00e9 fundamental. Levanto a bandeira da cardiopatia por voc\u00eas.&#8221; O filho ca\u00e7ula do casal, Miguel, nasceu com Tetralogia de Fallot, mas agora recuperado ap\u00f3s uma cirurgia, comemorou seu primeiro anivers\u00e1rio recentemente<\/p>\n","protected":false},"excerpt":{"rendered":"<p>Cantor visitou Hospital da Crian\u00e7a e Maternidade de S\u00e3o Jos\u00e9 do Rio Preto-SP, acompanhado da esposa, Paula Vaccari, em a\u00e7\u00e3o pr\u00f3xima ao Dia das Crian\u00e7as Na \u00faltima quarta-feira (09), Cristiano, da dupla Z\u00e9 Neto e Cristiano, participou de um evento no Centro do Cora\u00e7\u00e3o da Crian\u00e7a, no Hospital da Crian\u00e7a e Maternidade de S\u00e3o Jos\u00e9 [&hellip;]<\/p>\n","protected":false},"author":2,"featured_media":13682,"comment_status":"open","ping_status":"open","sticky":false,"template":"","format":"standard","meta":{"footnotes":""},"categories":[61],"tags":[],"_links":{"self":[{"href":"https:\/\/sabuguinho.com.br\/site\/wp-json\/wp\/v2\/posts\/13681"}],"collection":[{"href":"https:\/\/sabuguinho.com.br\/site\/wp-json\/wp\/v2\/posts"}],"about":[{"href":"https:\/\/sabuguinho.com.br\/site\/wp-json\/wp\/v2\/types\/post"}],"author":[{"embeddable":true,"href":"https:\/\/sabuguinho.com.br\/site\/wp-json\/wp\/v2\/users\/2"}],"replies":[{"embeddable":true,"href":"https:\/\/sabuguinho.com.br\/site\/wp-json\/wp\/v2\/comments?post=13681"}],"version-history":[{"count":1,"href":"https:\/\/sabuguinho.com.br\/site\/wp-json\/wp\/v2\/posts\/13681\/revisions"}],"predecessor-version":[{"id":13683,"href":"https:\/\/sabuguinho.com.br\/site\/wp-json\/wp\/v2\/posts\/13681\/revisions\/13683"}],"wp:featuredmedia":[{"embeddable":true,"href":"https:\/\/sabuguinho.com.br\/site\/wp-json\/wp\/v2\/media\/13682"}],"wp:attachment":[{"href":"https:\/\/sabuguinho.com.br\/site\/wp-json\/wp\/v2\/media?parent=13681"}],"wp:term":[{"taxonomy":"category","embeddable":true,"href":"https:\/\/sabuguinho.com.br\/site\/wp-json\/wp\/v2\/categories?post=13681"},{"taxonomy":"post_tag","embeddable":true,"href":"https:\/\/sabuguinho.com.br\/site\/wp-json\/wp\/v2\/tags?post=13681"}],"curies":[{"name":"wp","href":"https:\/\/api.w.org\/{rel}","templated":true}]}}