{"id":13670,"date":"2024-10-11T18:48:21","date_gmt":"2024-10-11T21:48:21","guid":{"rendered":"https:\/\/sabuguinho.com.br\/site\/?p=13670"},"modified":"2024-10-11T18:48:21","modified_gmt":"2024-10-11T21:48:21","slug":"padrasto-e-preso-em-itai-acusado-de-abusar-e-maltratar-enteados","status":"publish","type":"post","link":"https:\/\/sabuguinho.com.br\/site\/padrasto-e-preso-em-itai-acusado-de-abusar-e-maltratar-enteados\/","title":{"rendered":"Padrasto \u00e9 preso em Ita\u00ed acusado de abusar e maltratar enteados"},"content":{"rendered":"<p>A Pol\u00edcia Civil de Ita\u00ed prendeu temporariamente, nesta sexta-feira, dia 11\/10, um homem de 22 anos acusado de abusar sexualmente de seu enteado de dois anos e de ser suspeito de maus-tratos contra outro enteado, de tr\u00eas anos. O suspeito, que vivia com a m\u00e3e das crian\u00e7as, foi detido ap\u00f3s uma investiga\u00e7\u00e3o sigilosa conduzida pela Delegacia de Pol\u00edcia da cidade.<br \/>\nA investiga\u00e7\u00e3o teve in\u00edcio quando a m\u00e3e levou seu filho de dois anos ao hospital local, ap\u00f3s ele se queixar de fortes dores abdominais. Exames m\u00e9dicos revelaram les\u00f5es graves, levando \u00e0 interna\u00e7\u00e3o da crian\u00e7a e sua transfer\u00eancia para o hospital da UNESP de Botucatu. O segundo filho, de tr\u00eas anos, tamb\u00e9m foi atendido no hospital com sinais de agress\u00e3o. As les\u00f5es em ambos os meninos levantaram suspeitas de abuso sexual e maus-tratos, desencadeando a a\u00e7\u00e3o policial.<br \/>\nSegundo o depoimento da m\u00e3e, o padrasto das crian\u00e7as ficava respons\u00e1vel por elas em algumas ocasi\u00f5es. Embora um dos meninos tenha negado as agress\u00f5es, a m\u00e3e relatou ter percebido que os filhos apresentavam medo na presen\u00e7a do companheiro. Al\u00e9m disso, o Conselho Tutelar j\u00e1 havia visitado a fam\u00edlia ap\u00f3s den\u00fancias de que as crian\u00e7as eram deixadas sozinhas.<br \/>\nCom base nas evid\u00eancias e depoimentos, a Pol\u00edcia Civil solicitou a pris\u00e3o tempor\u00e1ria do suspeito, que foi rapidamente deferida pelo Poder Judici\u00e1rio de Ita\u00ed. O caso permanece em investiga\u00e7\u00e3o na Delegacia de Pol\u00edcia de Ita\u00ed, e o sigilo foi decretado para preservar a integridade das apura\u00e7\u00f5es e proteger as v\u00edtimas.<br \/>\nAs crian\u00e7as continuam sob cuidados m\u00e9dicos e est\u00e3o sendo acompanhadas pelo Conselho Tutelar de Ita\u00ed. O suspeito foi encaminhado a uma unidade do sistema penitenci\u00e1rio da regi\u00e3o, ap\u00f3s passar pela audi\u00eancia de cust\u00f3dia.<\/p>\n","protected":false},"excerpt":{"rendered":"<p>A Pol\u00edcia Civil de Ita\u00ed prendeu temporariamente, nesta sexta-feira, dia 11\/10, um homem de 22 anos acusado de abusar sexualmente de seu enteado de dois anos e de ser suspeito de maus-tratos contra outro enteado, de tr\u00eas anos. O suspeito, que vivia com a m\u00e3e das crian\u00e7as, foi detido ap\u00f3s uma investiga\u00e7\u00e3o sigilosa conduzida pela [&hellip;]<\/p>\n","protected":false},"author":2,"featured_media":13671,"comment_status":"open","ping_status":"open","sticky":false,"template":"","format":"standard","meta":{"footnotes":""},"categories":[52],"tags":[],"_links":{"self":[{"href":"https:\/\/sabuguinho.com.br\/site\/wp-json\/wp\/v2\/posts\/13670"}],"collection":[{"href":"https:\/\/sabuguinho.com.br\/site\/wp-json\/wp\/v2\/posts"}],"about":[{"href":"https:\/\/sabuguinho.com.br\/site\/wp-json\/wp\/v2\/types\/post"}],"author":[{"embeddable":true,"href":"https:\/\/sabuguinho.com.br\/site\/wp-json\/wp\/v2\/users\/2"}],"replies":[{"embeddable":true,"href":"https:\/\/sabuguinho.com.br\/site\/wp-json\/wp\/v2\/comments?post=13670"}],"version-history":[{"count":1,"href":"https:\/\/sabuguinho.com.br\/site\/wp-json\/wp\/v2\/posts\/13670\/revisions"}],"predecessor-version":[{"id":13672,"href":"https:\/\/sabuguinho.com.br\/site\/wp-json\/wp\/v2\/posts\/13670\/revisions\/13672"}],"wp:featuredmedia":[{"embeddable":true,"href":"https:\/\/sabuguinho.com.br\/site\/wp-json\/wp\/v2\/media\/13671"}],"wp:attachment":[{"href":"https:\/\/sabuguinho.com.br\/site\/wp-json\/wp\/v2\/media?parent=13670"}],"wp:term":[{"taxonomy":"category","embeddable":true,"href":"https:\/\/sabuguinho.com.br\/site\/wp-json\/wp\/v2\/categories?post=13670"},{"taxonomy":"post_tag","embeddable":true,"href":"https:\/\/sabuguinho.com.br\/site\/wp-json\/wp\/v2\/tags?post=13670"}],"curies":[{"name":"wp","href":"https:\/\/api.w.org\/{rel}","templated":true}]}}