{"id":13666,"date":"2024-10-11T17:24:12","date_gmt":"2024-10-11T20:24:12","guid":{"rendered":"https:\/\/sabuguinho.com.br\/site\/?p=13666"},"modified":"2024-10-11T17:24:12","modified_gmt":"2024-10-11T20:24:12","slug":"concurso-dos-correios-com-3-511-vagas-veja-prazo-para-inscricoes-e-cronograma","status":"publish","type":"post","link":"https:\/\/sabuguinho.com.br\/site\/concurso-dos-correios-com-3-511-vagas-veja-prazo-para-inscricoes-e-cronograma\/","title":{"rendered":"Concurso dos Correios com 3.511 vagas: veja prazo para inscri\u00e7\u00f5es e cronograma"},"content":{"rendered":"<p>Os Correios divulgaram na quarta-feira (9) os editais do concurso p\u00fablico nacional da estatal para preenchimento de 3.511 vagas (3.099 vagas de n\u00edvel m\u00e9dio e 412 vagas de n\u00edvel superior).<br \/>\nAs inscri\u00e7\u00f5es poder\u00e3o ser feitas de 10 a 28 de outubro, no site do IBFC &#8211; Instituto Brasileiro de Forma\u00e7\u00e3o e Capacita\u00e7\u00e3o (www.ibfc.org.br). A taxa de inscri\u00e7\u00e3o para o cargo de n\u00edvel m\u00e9dio \u00e9 de R$ 39,80 e, para o n\u00edvel superior, de R$ 42,00.<br \/>\n\u201cEstamos cumprindo mais um compromisso assumido com as empregadas e os empregados dos Correios, investindo em pessoas e renovando nosso corpo funcional de forma a impulsionar a inova\u00e7\u00e3o para nos tornarmos os Correios do Futuro, cumprindo a diretriz do Presidente Lula para fortalecer e modernizar a estatal\u201d, afirma o presidente dos Correios, Fabiano Silva dos Santos. O \u00faltimo concurso p\u00fablico nacional para n\u00edvel m\u00e9dio e superior da empresa foi realizado h\u00e1 13 anos, em 2011.<br \/>\nEntre as novidades do concurso, est\u00e1 a reserva de 30% das vagas para pessoas negras (pretas e pardas) e ind\u00edgenas, quantitativo superior ao estabelecido pela legisla\u00e7\u00e3o (20%). No caso do edital de n\u00edvel m\u00e9dio, isso equivale a 936 vagas. Al\u00e9m disso, 10% das vagas s\u00e3o reservadas a pessoas com defici\u00eancia.<br \/>\nAs vagas de n\u00edvel m\u00e9dio s\u00e3o para o cargo de Agente de Correios \u2013 Carteiro, com sal\u00e1rio inicial de R$ 2.429,26. A empresa oferece ainda vale-alimenta\u00e7\u00e3o\/refei\u00e7\u00e3o de cerca de R$ 1.400,00, o que resulta em remunera\u00e7\u00e3o mensal de aproximadamente R$ 4 mil.<br \/>\nJ\u00e1 para os cargos de n\u00edvel superior, o sal\u00e1rio inicial \u00e9 de R$ 6.872,48. A remunera\u00e7\u00e3o total \u00e9 de cerca de R$ 8,5 mil, considerando-se o vale-alimenta\u00e7\u00e3o\/refei\u00e7\u00e3o de aproximadamente R$ 1.400,00. As especialidades de n\u00edvel superior s\u00e3o: advogado, analista de sistemas, arquiteto, arquivista, assistente social e engenheiro.<br \/>\nEm todos os casos, a empresa oferece possibilidade de ades\u00e3o a plano de sa\u00fade e previd\u00eancia complementar.<\/p>\n<p>Provas<\/p>\n<p>A previs\u00e3o de aplica\u00e7\u00e3o das provas \u00e9 15 de dezembro de 2024 em todas as regi\u00f5es do Brasil, contemplando todos os estados e o Distrito Federal, podendo abranger at\u00e9 306 localidades.<br \/>\nPara os cargos de Agente de Correios, as provas ser\u00e3o objetivas de car\u00e1ter eliminat\u00f3rio e classificat\u00f3rio, com 50 quest\u00f5es. J\u00e1 para os de Analista de Correios, ser\u00e3o objetivas de car\u00e1ter eliminat\u00f3rio e classificat\u00f3rio, mais prova discursiva com reda\u00e7\u00e3o de at\u00e9 30 linhas.<br \/>\nMais informa\u00e7\u00f5es podem ser obtidas nos editais que est\u00e3o publicados nos sites do IBFC e dos Correios: https:\/\/prosel.correios.com.br\/concursos<\/p>\n<p>Seguran\u00e7a e sa\u00fade do trabalho<\/p>\n<p>J\u00e1 as provas do concurso p\u00fablico dos Correios para provimento de vagas na \u00e1rea de medicina e seguran\u00e7a do trabalho ser\u00e3o aplicadas no dia 13 de outubro, pelo IADES. A divulga\u00e7\u00e3o do resultado final est\u00e1 prevista para o dia 20 de novembro.<br \/>\nA primeira fase ser\u00e1 constitu\u00edda de provas objetivas, de car\u00e1ter eliminat\u00f3rio e classificat\u00f3rio. A segunda fase \u00e9 de comprova\u00e7\u00e3o de requisitos, an\u00e1lise de perfil profissional e realiza\u00e7\u00e3o de exames m\u00e9dicos admissionais.<br \/>\nMais informa\u00e7\u00f5es sobre o concurso podem ser obtidas no edital, dispon\u00edvel em: https:\/\/prosel.correios.com.br\/concursos\/detalharconcurso\/1211<\/p>\n<p><img loading=\"lazy\" decoding=\"async\" src=\"https:\/\/sabuguinho.com.br\/site\/wp-content\/uploads\/2024\/10\/correios02-1-150x91.jpg\" alt=\"\" width=\"150\" height=\"91\" class=\"alignnone size-medium wp-image-13667\" srcset=\"https:\/\/sabuguinho.com.br\/site\/wp-content\/uploads\/2024\/10\/correios02-1-150x91.jpg 150w, https:\/\/sabuguinho.com.br\/site\/wp-content\/uploads\/2024\/10\/correios02-1-512x312.jpg 512w, https:\/\/sabuguinho.com.br\/site\/wp-content\/uploads\/2024\/10\/correios02-1-768x468.jpg 768w, https:\/\/sabuguinho.com.br\/site\/wp-content\/uploads\/2024\/10\/correios02-1-750x457.jpg 750w, https:\/\/sabuguinho.com.br\/site\/wp-content\/uploads\/2024\/10\/correios02-1.jpg 1080w\" sizes=\"(max-width: 150px) 100vw, 150px\" \/><\/p>\n<p>legenda: A taxa de inscri\u00e7\u00e3o para realizar a prova chega at\u00e9 R$ 42<\/p>\n<p>Fonte da Foto: internet ilustrativa<\/p>\n","protected":false},"excerpt":{"rendered":"<p>Os Correios divulgaram na quarta-feira (9) os editais do concurso p\u00fablico nacional da estatal para preenchimento de 3.511 vagas (3.099 vagas de n\u00edvel m\u00e9dio e 412 vagas de n\u00edvel superior). As inscri\u00e7\u00f5es poder\u00e3o ser feitas de 10 a 28 de outubro, no site do IBFC &#8211; Instituto Brasileiro de Forma\u00e7\u00e3o e Capacita\u00e7\u00e3o (www.ibfc.org.br). A taxa [&hellip;]<\/p>\n","protected":false},"author":2,"featured_media":13668,"comment_status":"open","ping_status":"open","sticky":false,"template":"","format":"standard","meta":{"footnotes":""},"categories":[1],"tags":[],"_links":{"self":[{"href":"https:\/\/sabuguinho.com.br\/site\/wp-json\/wp\/v2\/posts\/13666"}],"collection":[{"href":"https:\/\/sabuguinho.com.br\/site\/wp-json\/wp\/v2\/posts"}],"about":[{"href":"https:\/\/sabuguinho.com.br\/site\/wp-json\/wp\/v2\/types\/post"}],"author":[{"embeddable":true,"href":"https:\/\/sabuguinho.com.br\/site\/wp-json\/wp\/v2\/users\/2"}],"replies":[{"embeddable":true,"href":"https:\/\/sabuguinho.com.br\/site\/wp-json\/wp\/v2\/comments?post=13666"}],"version-history":[{"count":1,"href":"https:\/\/sabuguinho.com.br\/site\/wp-json\/wp\/v2\/posts\/13666\/revisions"}],"predecessor-version":[{"id":13669,"href":"https:\/\/sabuguinho.com.br\/site\/wp-json\/wp\/v2\/posts\/13666\/revisions\/13669"}],"wp:featuredmedia":[{"embeddable":true,"href":"https:\/\/sabuguinho.com.br\/site\/wp-json\/wp\/v2\/media\/13668"}],"wp:attachment":[{"href":"https:\/\/sabuguinho.com.br\/site\/wp-json\/wp\/v2\/media?parent=13666"}],"wp:term":[{"taxonomy":"category","embeddable":true,"href":"https:\/\/sabuguinho.com.br\/site\/wp-json\/wp\/v2\/categories?post=13666"},{"taxonomy":"post_tag","embeddable":true,"href":"https:\/\/sabuguinho.com.br\/site\/wp-json\/wp\/v2\/tags?post=13666"}],"curies":[{"name":"wp","href":"https:\/\/api.w.org\/{rel}","templated":true}]}}