{"id":13646,"date":"2024-10-11T11:36:45","date_gmt":"2024-10-11T14:36:45","guid":{"rendered":"https:\/\/sabuguinho.com.br\/site\/?p=13646"},"modified":"2024-10-11T11:36:45","modified_gmt":"2024-10-11T14:36:45","slug":"retorno-do-horario-de-verao-novembro-e-o-mes-escolhido-para-possivel-volta","status":"publish","type":"post","link":"https:\/\/sabuguinho.com.br\/site\/retorno-do-horario-de-verao-novembro-e-o-mes-escolhido-para-possivel-volta\/","title":{"rendered":"Retorno do hor\u00e1rio de ver\u00e3o: novembro \u00e9 o m\u00eas escolhido para poss\u00edvel volta"},"content":{"rendered":"<p>FONTE: UOL<\/p>\n<p>O hor\u00e1rio de ver\u00e3o pode voltar a ser implementado ainda em 2024. O governo est\u00e1 avaliando a possibilidade de retomar a medida, suspensa em 2019. Contudo, a decis\u00e3o precisa ser tomada em breve, conforme determina a legisla\u00e7\u00e3o.<\/p>\n<p>Quando o hor\u00e1rio de ver\u00e3o deve voltar?<\/p>\n<p>O ministro de Minas e Energia, Alexandre Silveira, disse que o hor\u00e1rio de ver\u00e3o s\u00f3 voltaria se fosse &#8220;imprescind\u00edvel&#8221;. &#8220;\u00c9 um tema absolutamente transversal, e n\u00e3o se pode decidir olhando apenas para um lado. O hor\u00e1rio de ver\u00e3o \u00e9 uma pol\u00edtica global de economia de energia, mas s\u00f3 tomaremos essa decis\u00e3o quando ficar claro de que sua ado\u00e7\u00e3o \u00e9 imprescind\u00edvel para o pa\u00eds nesse momento&#8221;, afirmou ap\u00f3s reuni\u00e3o com os diretores do ONS (Operador Nacional do Sistema El\u00e9trico) na quarta-feira (9).<br \/>\n\u201cN\u00e3o podemos passar da decis\u00e3o na semana que vem. Por qu\u00ea? Porque novembro \u00e9 o m\u00eas que mais precisa de hor\u00e1rio de ver\u00e3o, novembro at\u00e9 meados de dezembro. Se tivermos que optar por essa pol\u00edtica, que \u00e9 uma pol\u00edtica importante, temos que decret\u00e1-la at\u00e9 no m\u00e1ximo semana que vem, com per\u00edodo de 15 a 20 dias para ser implementada\u201d, informou o ministro a jornalistas na \u00faltima ter\u00e7a-feira (8). O ministro apontou, tamb\u00e9m, a possibilidade do hor\u00e1rio de ver\u00e3o voltar apenas em 2025. A decis\u00e3o segue em aberto.<br \/>\nSe aprovado, o hor\u00e1rio de ver\u00e3o deve come\u00e7ar logo no in\u00edcio de novembro. Segundo o Decreto n\u00ba 6.558, de 08 de setembro de 2008, modificado pelo Decreto n\u00ba 9.242, de 15 de dezembro de 2017, a Hora de Ver\u00e3o ficava institu\u00edda no Brasil da seguinte forma:<br \/>\n\u201cA partir de zero hora do primeiro domingo do m\u00eas de novembro de cada ano, at\u00e9 zero hora do terceiro domingo do m\u00eas de fevereiro do ano subsequente, em parte do territ\u00f3rio nacional, adiantada em sessenta minutos em rela\u00e7\u00e3o \u00e0 hora legal. No ano em que tinha coincid\u00eancia entre o domingo previsto para o t\u00e9rmino da Hora de Ver\u00e3o dar-se-\u00e1 no domingo seguinte\u201d.<\/p>\n<p>Art. 1\u00ba do Decreto n\u00ba 6.558, de 08 de setembro de 2008<\/p>\n<p>A volta do hor\u00e1rio de ver\u00e3o foi sugerida pelo ONS (Operador Nacional do Sistema El\u00e9trico) no m\u00eas passado, devido \u00e0 seca que assola o Brasil. A maior vantagem do hor\u00e1rio de ver\u00e3o, quando foi adotado, era a economia de energia. O objetivo da medida \u00e9 o maior aproveitamento da luz natural.<br \/>\nAs regi\u00f5es que adotavam o hor\u00e1rio de ver\u00e3o &#8220;ganhavam&#8221; um tempo extra de luminosidade no fim da tarde, adiando o acionamento de l\u00e2mpadas na volta para a casa ap\u00f3s o trabalho. De fato, houve economia de energia enquanto o hor\u00e1rio de ver\u00e3o vigorou, no entanto, em n\u00edveis cada vez menos relevantes nos \u00faltimos anos.<br \/>\nO ex-presidente Jair Bolsonaro (PL) encerrou o per\u00edodo com hor\u00e1rio de ver\u00e3o em 2019. A volta do hor\u00e1rio de ver\u00e3o enfrenta posi\u00e7\u00f5es contr\u00e1rias de alguns setores, como o da avia\u00e7\u00e3o. O setor alega ter passagens vendidas e que a mudan\u00e7a de hor\u00e1rios deveria ser alinhada com meses de anteced\u00eancia.<\/p>\n<p>legenda: O hor\u00e1rio de ver\u00e3o pode voltar a ser implementado ainda em 2024. O governo est\u00e1 avaliando a possibilidade de retomar a medida, suspensa em 2019<\/p>\n<p>Fonte da Foto: internet ilustrativa<\/p>\n","protected":false},"excerpt":{"rendered":"<p>FONTE: UOL O hor\u00e1rio de ver\u00e3o pode voltar a ser implementado ainda em 2024. O governo est\u00e1 avaliando a possibilidade de retomar a medida, suspensa em 2019. Contudo, a decis\u00e3o precisa ser tomada em breve, conforme determina a legisla\u00e7\u00e3o. Quando o hor\u00e1rio de ver\u00e3o deve voltar? O ministro de Minas e Energia, Alexandre Silveira, disse [&hellip;]<\/p>\n","protected":false},"author":2,"featured_media":13647,"comment_status":"open","ping_status":"open","sticky":false,"template":"","format":"standard","meta":{"footnotes":""},"categories":[57],"tags":[],"_links":{"self":[{"href":"https:\/\/sabuguinho.com.br\/site\/wp-json\/wp\/v2\/posts\/13646"}],"collection":[{"href":"https:\/\/sabuguinho.com.br\/site\/wp-json\/wp\/v2\/posts"}],"about":[{"href":"https:\/\/sabuguinho.com.br\/site\/wp-json\/wp\/v2\/types\/post"}],"author":[{"embeddable":true,"href":"https:\/\/sabuguinho.com.br\/site\/wp-json\/wp\/v2\/users\/2"}],"replies":[{"embeddable":true,"href":"https:\/\/sabuguinho.com.br\/site\/wp-json\/wp\/v2\/comments?post=13646"}],"version-history":[{"count":1,"href":"https:\/\/sabuguinho.com.br\/site\/wp-json\/wp\/v2\/posts\/13646\/revisions"}],"predecessor-version":[{"id":13648,"href":"https:\/\/sabuguinho.com.br\/site\/wp-json\/wp\/v2\/posts\/13646\/revisions\/13648"}],"wp:featuredmedia":[{"embeddable":true,"href":"https:\/\/sabuguinho.com.br\/site\/wp-json\/wp\/v2\/media\/13647"}],"wp:attachment":[{"href":"https:\/\/sabuguinho.com.br\/site\/wp-json\/wp\/v2\/media?parent=13646"}],"wp:term":[{"taxonomy":"category","embeddable":true,"href":"https:\/\/sabuguinho.com.br\/site\/wp-json\/wp\/v2\/categories?post=13646"},{"taxonomy":"post_tag","embeddable":true,"href":"https:\/\/sabuguinho.com.br\/site\/wp-json\/wp\/v2\/tags?post=13646"}],"curies":[{"name":"wp","href":"https:\/\/api.w.org\/{rel}","templated":true}]}}