{"id":13643,"date":"2024-10-11T10:51:35","date_gmt":"2024-10-11T13:51:35","guid":{"rendered":"https:\/\/sabuguinho.com.br\/site\/?p=13643"},"modified":"2024-10-11T10:51:35","modified_gmt":"2024-10-11T13:51:35","slug":"brasil-tem-2238-milhoes-de-hectares-atingidos-pelo-fogo-em-nove-meses","status":"publish","type":"post","link":"https:\/\/sabuguinho.com.br\/site\/brasil-tem-2238-milhoes-de-hectares-atingidos-pelo-fogo-em-nove-meses\/","title":{"rendered":"Brasil tem 22,38 milh\u00f5es de hectares atingidos pelo fogo em nove meses"},"content":{"rendered":"<p>Setembro concentrou mais da metade de toda \u00e1rea queimada em 2024<\/p>\n<p>Fab\u00edola Sinimb\u00fa \u2013 Rep\u00f3rter da Ag\u00eancia Brasil<\/p>\n<p>Entre janeiro e setembro de 2024 o Brasil teve 22,38 milh\u00f5es de hectares queimados pelos focos de inc\u00eandio que avan\u00e7aram por todo pa\u00eds, mostrou o MapBiomas, no Monitor do Fogo divulgado nesta sexta-feira (11). Apenas em setembro foram 10,65 milh\u00f5es de hectares \u2013 quase metade de toda a \u00e1rea atingida nos oito meses anteriores.<br \/>\nO total equivale ao tamanho do estado de Roraima e \u00e9 150% maior que no mesmo per\u00edodo de 2023, quando o fogo atingiu 8,98 milh\u00f5es de hectares. A vegeta\u00e7\u00e3o nativa representa 73% da \u00e1rea queimada, principalmente forma\u00e7\u00e3o florestal. \u00c1reas de uso agropecu\u00e1rio tamb\u00e9m foram atingidas representando 20,5%.<br \/>\nOs estados Mato Grosso, Par\u00e1 e Tocantins somaram mais da metade do territ\u00f3rio queimado e tiveram respectivamente 5,5 milh\u00f5es, 4,6 milh\u00f5es e 2,6 milh\u00f5es de hectares atingidos pelo fogo. O munic\u00edpio paraense de S\u00e3o F\u00e9lix do Xingu foi o que mais queimou, seguido de Corumb\u00e1, no Mato Grosso do Sul.<\/p>\n<p>Amaz\u00f4nia<\/p>\n<p>Dentre os biomas brasileiros, a Amaz\u00f4nia foi a mais afetada e representou 51% do total do que o fogo alcan\u00e7ou nos nove primeiros meses do ano. Foram 11,3 milh\u00f5es de hectares queimados no per\u00edodo.<br \/>\nDe acordo com a diretora de ci\u00eancias do Instituto de Pesquisa Ambiental da Amaz\u00f4nia (Ipam), Ane Alencar, que coordena o MapBiomas Fogo, a crise dos inc\u00eandios na regi\u00e3o em 2024 foi agravada por uma seca mais severa decorrente da intensifica\u00e7\u00e3o das mudan\u00e7as clim\u00e1ticas.<br \/>\n\u201cIsso se reflete nos n\u00fameros de setembro, onde metade da \u00e1rea queimada na regi\u00e3o foi em forma\u00e7\u00f5es florestais.\u201d<br \/>\nA exemplo do que ocorreu em todo o pa\u00eds, o bioma amaz\u00f4nico queimou mais em setembro. Foram 5,5 milh\u00f5es de hectares, dos quais 2,8 milh\u00f5es eram de forma\u00e7\u00e3o florestal. Entre as \u00e1reas em que o solo j\u00e1 havia sido convertido anteriormente pelo homem, as pastagens foram as mais afetadas pelo fogo, tendo 1,8 milh\u00e3o de hectares queimados.<\/p>\n<p>Cerrado<\/p>\n<p>Em nove meses, o Cerrado teve 8,4 milh\u00f5es de hectares consumidos pelo fogo, dos quais 4,3 milh\u00f5es queimaram em setembro, maior \u00e1rea afetada nos \u00faltimos cinco anos, para o mesmo m\u00eas.<br \/>\n\u201cSetembro marca o pico da seca no Cerrado e isso torna o impacto do fogo ainda mais severo. Com a vegeta\u00e7\u00e3o extremamente seca e vulner\u00e1vel, o fogo se espalha rapidamente, resultando inclusive na baixa qualidade do ar nas cidades pr\u00f3ximas\u201d, explica Vera Arruda, pesquisadora no Ipam e coordenadora t\u00e9cnica do Monitor do Fogo.<\/p>\n<p>Pantanal<\/p>\n<p>Na m\u00e9dia dos \u00faltimos cinco anos, o Pantanal foi o bioma que observou maior aumento de \u00e1rea queimada nos nove primeiros meses do ano. O crescimento foi de 2.306% em 2024, na compara\u00e7\u00e3o com a m\u00e9dia.<br \/>\nForam1,5 milh\u00e3o de hectares consumidos pelo fogo, dos quais 318 mil hectares foram atingidos no m\u00eas de setembro, quando 92% da \u00e1rea queimada foram de vegeta\u00e7\u00e3o nativa.<\/p>\n<p>Outros biomas.<\/p>\n<p>De todo o territ\u00f3rio afetado pelo fogo, a Mata Atl\u00e2ntica queimou 896 mil hectares, sendo a maioria, 71%, de \u00e1rea agropecu\u00e1ria. J\u00e1 a Caatinga e os Pampas tiveram redu\u00e7\u00e3o na \u00e1rea atingida por inc\u00eandios de janeiro a setembro de 2024, com respectivamente 151 mil hectares e 3,1 mil afetados.<\/p>\n<p>Clique aqui e acesse o documento do MapBiomas<\/p>\n","protected":false},"excerpt":{"rendered":"<p>Setembro concentrou mais da metade de toda \u00e1rea queimada em 2024 Fab\u00edola Sinimb\u00fa \u2013 Rep\u00f3rter da Ag\u00eancia Brasil Entre janeiro e setembro de 2024 o Brasil teve 22,38 milh\u00f5es de hectares queimados pelos focos de inc\u00eandio que avan\u00e7aram por todo pa\u00eds, mostrou o MapBiomas, no Monitor do Fogo divulgado nesta sexta-feira (11). Apenas em setembro [&hellip;]<\/p>\n","protected":false},"author":2,"featured_media":13644,"comment_status":"open","ping_status":"open","sticky":false,"template":"","format":"standard","meta":{"footnotes":""},"categories":[1],"tags":[],"_links":{"self":[{"href":"https:\/\/sabuguinho.com.br\/site\/wp-json\/wp\/v2\/posts\/13643"}],"collection":[{"href":"https:\/\/sabuguinho.com.br\/site\/wp-json\/wp\/v2\/posts"}],"about":[{"href":"https:\/\/sabuguinho.com.br\/site\/wp-json\/wp\/v2\/types\/post"}],"author":[{"embeddable":true,"href":"https:\/\/sabuguinho.com.br\/site\/wp-json\/wp\/v2\/users\/2"}],"replies":[{"embeddable":true,"href":"https:\/\/sabuguinho.com.br\/site\/wp-json\/wp\/v2\/comments?post=13643"}],"version-history":[{"count":1,"href":"https:\/\/sabuguinho.com.br\/site\/wp-json\/wp\/v2\/posts\/13643\/revisions"}],"predecessor-version":[{"id":13645,"href":"https:\/\/sabuguinho.com.br\/site\/wp-json\/wp\/v2\/posts\/13643\/revisions\/13645"}],"wp:featuredmedia":[{"embeddable":true,"href":"https:\/\/sabuguinho.com.br\/site\/wp-json\/wp\/v2\/media\/13644"}],"wp:attachment":[{"href":"https:\/\/sabuguinho.com.br\/site\/wp-json\/wp\/v2\/media?parent=13643"}],"wp:term":[{"taxonomy":"category","embeddable":true,"href":"https:\/\/sabuguinho.com.br\/site\/wp-json\/wp\/v2\/categories?post=13643"},{"taxonomy":"post_tag","embeddable":true,"href":"https:\/\/sabuguinho.com.br\/site\/wp-json\/wp\/v2\/tags?post=13643"}],"curies":[{"name":"wp","href":"https:\/\/api.w.org\/{rel}","templated":true}]}}