{"id":13640,"date":"2024-10-11T09:56:22","date_gmt":"2024-10-11T12:56:22","guid":{"rendered":"https:\/\/sabuguinho.com.br\/site\/?p=13640"},"modified":"2024-10-11T09:56:22","modified_gmt":"2024-10-11T12:56:22","slug":"comunicacao-semanario-oficial-esta-de-volta-em-sua-versao-on-line","status":"publish","type":"post","link":"https:\/\/sabuguinho.com.br\/site\/comunicacao-semanario-oficial-esta-de-volta-em-sua-versao-on-line\/","title":{"rendered":"COMUNICA\u00c7\u00c3O &#8211; Seman\u00e1rio Oficial est\u00e1 de volta em sua vers\u00e3o on-line"},"content":{"rendered":"<p>Publica\u00e7\u00e3o semanal traz a\u00e7\u00f5es, eventos e campanhas institucionais da Prefeitura de Avar\u00e9<\/p>\n<p>O Seman\u00e1rio Oficial da Est\u00e2ncia Tur\u00edstica de Avar\u00e9 est\u00e1 de volta exclusivamente em sua vers\u00e3o on-line a partir deste s\u00e1bado, 12 de outubro.<br \/>\nA publica\u00e7\u00e3o semanal editada pela Secretaria Municipal de Comunica\u00e7\u00e3o traz a\u00e7\u00f5es, eventos e campanhas institucionais da Prefeitura de Avar\u00e9. O jornal ficou suspenso por tr\u00eas meses devido ao per\u00edodo eleitoral.<br \/>\nEditais e documentos continuam sendo publicados no Seman\u00e1rio Digital. Al\u00e9m de ter a mesma validade legal, o Seman\u00e1rio Digital n\u00e3o tem limita\u00e7\u00e3o de periodicidade, o que agiliza a publica\u00e7\u00e3o de atos oficiais do Executivo, secretarias municipais e Legislativo.<br \/>\nA concentra\u00e7\u00e3o de documentos na plataforma digital tamb\u00e9m facilita a localiza\u00e7\u00e3o dos mesmos pelo cidad\u00e3o.<\/p>\n<p>Onde encontrar<\/p>\n<p>Ambos podem ser encontrados no site oficial do munic\u00edpio (avare.sp.gov.br). Basta acessar a p\u00e1gina eletr\u00f4nica e clicar em \u201cSeman\u00e1rio\u201d, \u00e0 direita, na parte superior da p\u00e1gina eletr\u00f4nica.<\/p>\n","protected":false},"excerpt":{"rendered":"<p>Publica\u00e7\u00e3o semanal traz a\u00e7\u00f5es, eventos e campanhas institucionais da Prefeitura de Avar\u00e9 O Seman\u00e1rio Oficial da Est\u00e2ncia Tur\u00edstica de Avar\u00e9 est\u00e1 de volta exclusivamente em sua vers\u00e3o on-line a partir deste s\u00e1bado, 12 de outubro. A publica\u00e7\u00e3o semanal editada pela Secretaria Municipal de Comunica\u00e7\u00e3o traz a\u00e7\u00f5es, eventos e campanhas institucionais da Prefeitura de Avar\u00e9. O [&hellip;]<\/p>\n","protected":false},"author":2,"featured_media":13641,"comment_status":"open","ping_status":"open","sticky":false,"template":"","format":"standard","meta":{"footnotes":""},"categories":[58],"tags":[],"_links":{"self":[{"href":"https:\/\/sabuguinho.com.br\/site\/wp-json\/wp\/v2\/posts\/13640"}],"collection":[{"href":"https:\/\/sabuguinho.com.br\/site\/wp-json\/wp\/v2\/posts"}],"about":[{"href":"https:\/\/sabuguinho.com.br\/site\/wp-json\/wp\/v2\/types\/post"}],"author":[{"embeddable":true,"href":"https:\/\/sabuguinho.com.br\/site\/wp-json\/wp\/v2\/users\/2"}],"replies":[{"embeddable":true,"href":"https:\/\/sabuguinho.com.br\/site\/wp-json\/wp\/v2\/comments?post=13640"}],"version-history":[{"count":1,"href":"https:\/\/sabuguinho.com.br\/site\/wp-json\/wp\/v2\/posts\/13640\/revisions"}],"predecessor-version":[{"id":13642,"href":"https:\/\/sabuguinho.com.br\/site\/wp-json\/wp\/v2\/posts\/13640\/revisions\/13642"}],"wp:featuredmedia":[{"embeddable":true,"href":"https:\/\/sabuguinho.com.br\/site\/wp-json\/wp\/v2\/media\/13641"}],"wp:attachment":[{"href":"https:\/\/sabuguinho.com.br\/site\/wp-json\/wp\/v2\/media?parent=13640"}],"wp:term":[{"taxonomy":"category","embeddable":true,"href":"https:\/\/sabuguinho.com.br\/site\/wp-json\/wp\/v2\/categories?post=13640"},{"taxonomy":"post_tag","embeddable":true,"href":"https:\/\/sabuguinho.com.br\/site\/wp-json\/wp\/v2\/tags?post=13640"}],"curies":[{"name":"wp","href":"https:\/\/api.w.org\/{rel}","templated":true}]}}