{"id":13637,"date":"2024-10-11T09:51:38","date_gmt":"2024-10-11T12:51:38","guid":{"rendered":"https:\/\/sabuguinho.com.br\/site\/?p=13637"},"modified":"2024-10-11T09:51:38","modified_gmt":"2024-10-11T12:51:38","slug":"educacao-aulas-em-escolas-municipais-estao-suspensas-na-segunda-14-e-terca-15","status":"publish","type":"post","link":"https:\/\/sabuguinho.com.br\/site\/educacao-aulas-em-escolas-municipais-estao-suspensas-na-segunda-14-e-terca-15\/","title":{"rendered":"EDUCA\u00c7\u00c3O &#8211; Aulas em escolas municipais est\u00e3o suspensas na segunda, 14, e ter\u00e7a, 15"},"content":{"rendered":"<p>Recesso est\u00e1 previsto no Calend\u00e1rio Escolar; j\u00e1 creches funcionam normalmente<\/p>\n<p>A Secretaria Municipal de Educa\u00e7\u00e3o declarou recesso escolar na Rede Municipal de Ensino na segunda-feira, 14, e na ter\u00e7a-feira, 15 de outubro, data em que se comemora o Dia do Professor.<br \/>\nEst\u00e3o suspensas as aulas nas etapas I e II dos Centros de Educa\u00e7\u00e3o Infantil (CEI), que englobam alunos de 4 meses a 3 anos e 11 meses.<br \/>\nAs aulas est\u00e3o de volta na quarta-feira, 16, a partir das 7 horas. J\u00e1 as creches funcionam normalmente nos dois dias.<\/p>\n<p>Calend\u00e1rio Escolar<\/p>\n<p>O recesso est\u00e1 previsto no Calend\u00e1rio Escolar 2024. A Portaria 14\/2024 da Secretaria Municipal da Educa\u00e7\u00e3o que formaliza a decis\u00e3o pode ser encontrada na edi\u00e7\u00e3o n\u00ba 2138 do Seman\u00e1rio Digital, p\u00e1gina 10.<\/p>\n","protected":false},"excerpt":{"rendered":"<p>Recesso est\u00e1 previsto no Calend\u00e1rio Escolar; j\u00e1 creches funcionam normalmente A Secretaria Municipal de Educa\u00e7\u00e3o declarou recesso escolar na Rede Municipal de Ensino na segunda-feira, 14, e na ter\u00e7a-feira, 15 de outubro, data em que se comemora o Dia do Professor. Est\u00e3o suspensas as aulas nas etapas I e II dos Centros de Educa\u00e7\u00e3o Infantil [&hellip;]<\/p>\n","protected":false},"author":2,"featured_media":13638,"comment_status":"open","ping_status":"open","sticky":false,"template":"","format":"standard","meta":{"footnotes":""},"categories":[58],"tags":[],"_links":{"self":[{"href":"https:\/\/sabuguinho.com.br\/site\/wp-json\/wp\/v2\/posts\/13637"}],"collection":[{"href":"https:\/\/sabuguinho.com.br\/site\/wp-json\/wp\/v2\/posts"}],"about":[{"href":"https:\/\/sabuguinho.com.br\/site\/wp-json\/wp\/v2\/types\/post"}],"author":[{"embeddable":true,"href":"https:\/\/sabuguinho.com.br\/site\/wp-json\/wp\/v2\/users\/2"}],"replies":[{"embeddable":true,"href":"https:\/\/sabuguinho.com.br\/site\/wp-json\/wp\/v2\/comments?post=13637"}],"version-history":[{"count":1,"href":"https:\/\/sabuguinho.com.br\/site\/wp-json\/wp\/v2\/posts\/13637\/revisions"}],"predecessor-version":[{"id":13639,"href":"https:\/\/sabuguinho.com.br\/site\/wp-json\/wp\/v2\/posts\/13637\/revisions\/13639"}],"wp:featuredmedia":[{"embeddable":true,"href":"https:\/\/sabuguinho.com.br\/site\/wp-json\/wp\/v2\/media\/13638"}],"wp:attachment":[{"href":"https:\/\/sabuguinho.com.br\/site\/wp-json\/wp\/v2\/media?parent=13637"}],"wp:term":[{"taxonomy":"category","embeddable":true,"href":"https:\/\/sabuguinho.com.br\/site\/wp-json\/wp\/v2\/categories?post=13637"},{"taxonomy":"post_tag","embeddable":true,"href":"https:\/\/sabuguinho.com.br\/site\/wp-json\/wp\/v2\/tags?post=13637"}],"curies":[{"name":"wp","href":"https:\/\/api.w.org\/{rel}","templated":true}]}}