{"id":13624,"date":"2024-10-11T01:58:19","date_gmt":"2024-10-11T04:58:19","guid":{"rendered":"https:\/\/sabuguinho.com.br\/site\/?p=13624"},"modified":"2024-10-11T01:58:19","modified_gmt":"2024-10-11T04:58:19","slug":"em-comemoracao-aos-18-anos-batalhao-da-pm-promove-campanha-de-doacao-de-sangue","status":"publish","type":"post","link":"https:\/\/sabuguinho.com.br\/site\/em-comemoracao-aos-18-anos-batalhao-da-pm-promove-campanha-de-doacao-de-sangue\/","title":{"rendered":"EM COMEMORA\u00c7\u00c3O AOS 18 ANOS, BATALH\u00c3O DA PM PROMOVE CAMPANHA DE DOA\u00c7\u00c3O DE SANGUE"},"content":{"rendered":"<p>O 53\u00ba Batalh\u00e3o de Pol\u00edcia Militar do Interior (BPM\/I) convida a popula\u00e7\u00e3o de Avar\u00e9 e regi\u00e3o para mais uma edi\u00e7\u00e3o da tradicional campanha de doa\u00e7\u00e3o de sangue.<br \/>\nDesta vez, a iniciativa especial marca os 18 anos do Batalh\u00e3o na cidade e acontece no pr\u00f3ximo dia 15 de outubro, das 8h \u00e0s 13h, no Ambulat\u00f3rio de Ortopedia da Santa Casa de Miseric\u00f3rdia, localizado na Rua Para\u00edba, 1003 \u2013 Centro<br \/>\nA Pol\u00edcia Militar refor\u00e7a o convite a todos os policiais militares da ativa, veteranos, familiares e \u00e0 comunidade em geral para participarem dessa a\u00e7\u00e3o solid\u00e1ria. Cada gota de sangue doada representa uma vida salva e contribui significativamente para o bem-estar de muitas pessoas.<br \/>\nPara ajudar a organizar as equipes de coleta e garantir a disponibilidade de bolsas de sangue, \u00e9 necess\u00e1rio preencher um formul\u00e1rio online atrav\u00e9s do link: https:\/\/forms.gle\/fBe8RKiapb61M9US6.<br \/>\nO 53\u00ba BPM\/I, com sede em Avar\u00e9, \u00e9 respons\u00e1vel pela seguran\u00e7a p\u00fablica de 17 munic\u00edpios da regi\u00e3o. Ao longo de seus 18 anos de hist\u00f3ria, a unidade tem se destacado por diversas a\u00e7\u00f5es sociais e comunit\u00e1rias, al\u00e9m de suas atividades de policiamento ostensivo e repressivo.<\/p>\n","protected":false},"excerpt":{"rendered":"<p>O 53\u00ba Batalh\u00e3o de Pol\u00edcia Militar do Interior (BPM\/I) convida a popula\u00e7\u00e3o de Avar\u00e9 e regi\u00e3o para mais uma edi\u00e7\u00e3o da tradicional campanha de doa\u00e7\u00e3o de sangue. Desta vez, a iniciativa especial marca os 18 anos do Batalh\u00e3o na cidade e acontece no pr\u00f3ximo dia 15 de outubro, das 8h \u00e0s 13h, no Ambulat\u00f3rio de [&hellip;]<\/p>\n","protected":false},"author":2,"featured_media":13625,"comment_status":"open","ping_status":"open","sticky":false,"template":"","format":"standard","meta":{"footnotes":""},"categories":[45,56],"tags":[],"_links":{"self":[{"href":"https:\/\/sabuguinho.com.br\/site\/wp-json\/wp\/v2\/posts\/13624"}],"collection":[{"href":"https:\/\/sabuguinho.com.br\/site\/wp-json\/wp\/v2\/posts"}],"about":[{"href":"https:\/\/sabuguinho.com.br\/site\/wp-json\/wp\/v2\/types\/post"}],"author":[{"embeddable":true,"href":"https:\/\/sabuguinho.com.br\/site\/wp-json\/wp\/v2\/users\/2"}],"replies":[{"embeddable":true,"href":"https:\/\/sabuguinho.com.br\/site\/wp-json\/wp\/v2\/comments?post=13624"}],"version-history":[{"count":1,"href":"https:\/\/sabuguinho.com.br\/site\/wp-json\/wp\/v2\/posts\/13624\/revisions"}],"predecessor-version":[{"id":13626,"href":"https:\/\/sabuguinho.com.br\/site\/wp-json\/wp\/v2\/posts\/13624\/revisions\/13626"}],"wp:featuredmedia":[{"embeddable":true,"href":"https:\/\/sabuguinho.com.br\/site\/wp-json\/wp\/v2\/media\/13625"}],"wp:attachment":[{"href":"https:\/\/sabuguinho.com.br\/site\/wp-json\/wp\/v2\/media?parent=13624"}],"wp:term":[{"taxonomy":"category","embeddable":true,"href":"https:\/\/sabuguinho.com.br\/site\/wp-json\/wp\/v2\/categories?post=13624"},{"taxonomy":"post_tag","embeddable":true,"href":"https:\/\/sabuguinho.com.br\/site\/wp-json\/wp\/v2\/tags?post=13624"}],"curies":[{"name":"wp","href":"https:\/\/api.w.org\/{rel}","templated":true}]}}