{"id":13619,"date":"2024-10-10T18:35:03","date_gmt":"2024-10-10T21:35:03","guid":{"rendered":"https:\/\/sabuguinho.com.br\/site\/?p=13619"},"modified":"2024-10-10T18:35:03","modified_gmt":"2024-10-10T21:35:03","slug":"helinho-destaca-conselho-do-pai-apos-conquista-do-16o-paulista","status":"publish","type":"post","link":"https:\/\/sabuguinho.com.br\/site\/helinho-destaca-conselho-do-pai-apos-conquista-do-16o-paulista\/","title":{"rendered":"Helinho destaca conselho do pai ap\u00f3s conquista do 16\u00ba Paulista"},"content":{"rendered":"<p>Por Lucas Faleiros<\/p>\n<p>Helinho Garcia n\u00e3o poupou alegria e emo\u00e7\u00e3o no momento de comemorar a d\u00e9cima sexta conquista de Campeonato Paulista pelo Sesi Franca, a quinta dele como treinador do clube. \u00cddolo da torcida francana, o t\u00e9cnico atribuiu o desejo intermin\u00e1veld e vit\u00f3ria a uma fala do pai, o tamb\u00e9m \u00eddolo francano H\u00e9lio Rubens.<br \/>\n\u201cTalvez tenha sido por eu ter crescido ouvindo o meu pai falando que a gente n\u00e3o pode ficar mal-acostumado por ganhar sempre. Temos que estar sempre motivados e buscar o pr\u00f3ximo (trof\u00e9u), buscar o melhor. \u00c9 uma li\u00e7\u00e3o, um legado\u201d, relembrou Helinho.<br \/>\nO ex-armador tamb\u00e9m ressaltou a dificuldade de se chegar a uma decis\u00e3o de campeonato e sair vitorioso. \u201cFranca tem quase 70 anos e \u00e9 s\u00f3 o 16\u00ba t\u00edtulo do Paulista. N\u00e3o \u00e9 brincadeira, n\u00e3o \u00e9 f\u00e1cil. Por isso mesmo, tem que ser muito comemorado com essa torcida, que vibra intensamente com a gente e acompanha o nosso dia a dia\u201d.<br \/>\nHelinho tamb\u00e9m elogiou o elenco francano e classificou o estadual deste ano como \u201cdur\u00edssimo\u201d. \u201cN\u00f3s fomos ganhando entrosamento e uni\u00e3o ao longo dos dias. A equipe soube perseverar. Os jogadores chegaram com muita determina\u00e7\u00e3o para pegar r\u00e1pido o sistema\u201d.<br \/>\nPor fim, o t\u00e9cnico do Touro ainda aproveitou para enviar sauda\u00e7\u00f5es especiais \u00e0 m\u00e3e, Maria Helena Garcia, e para Luiza Helena Trajano, empres\u00e1ria e incentivadora do basquete de Franca, que comemoraram anivers\u00e1rio nessa quarta-feira, 9. \u201cO champanhe \u00e9 para elas\u201d.<\/p>\n<p>Legenda<br \/>\nCom champanhe na m\u00e3o, Helinho Garcia abra\u00e7a David Jackson em comemora\u00e7\u00e3o do t\u00edtulo estadual<\/p>\n","protected":false},"excerpt":{"rendered":"<p>Por Lucas Faleiros Helinho Garcia n\u00e3o poupou alegria e emo\u00e7\u00e3o no momento de comemorar a d\u00e9cima sexta conquista de Campeonato Paulista pelo Sesi Franca, a quinta dele como treinador do clube. \u00cddolo da torcida francana, o t\u00e9cnico atribuiu o desejo intermin\u00e1veld e vit\u00f3ria a uma fala do pai, o tamb\u00e9m \u00eddolo francano H\u00e9lio Rubens. \u201cTalvez [&hellip;]<\/p>\n","protected":false},"author":2,"featured_media":13620,"comment_status":"open","ping_status":"open","sticky":false,"template":"","format":"standard","meta":{"footnotes":""},"categories":[45],"tags":[],"_links":{"self":[{"href":"https:\/\/sabuguinho.com.br\/site\/wp-json\/wp\/v2\/posts\/13619"}],"collection":[{"href":"https:\/\/sabuguinho.com.br\/site\/wp-json\/wp\/v2\/posts"}],"about":[{"href":"https:\/\/sabuguinho.com.br\/site\/wp-json\/wp\/v2\/types\/post"}],"author":[{"embeddable":true,"href":"https:\/\/sabuguinho.com.br\/site\/wp-json\/wp\/v2\/users\/2"}],"replies":[{"embeddable":true,"href":"https:\/\/sabuguinho.com.br\/site\/wp-json\/wp\/v2\/comments?post=13619"}],"version-history":[{"count":1,"href":"https:\/\/sabuguinho.com.br\/site\/wp-json\/wp\/v2\/posts\/13619\/revisions"}],"predecessor-version":[{"id":13621,"href":"https:\/\/sabuguinho.com.br\/site\/wp-json\/wp\/v2\/posts\/13619\/revisions\/13621"}],"wp:featuredmedia":[{"embeddable":true,"href":"https:\/\/sabuguinho.com.br\/site\/wp-json\/wp\/v2\/media\/13620"}],"wp:attachment":[{"href":"https:\/\/sabuguinho.com.br\/site\/wp-json\/wp\/v2\/media?parent=13619"}],"wp:term":[{"taxonomy":"category","embeddable":true,"href":"https:\/\/sabuguinho.com.br\/site\/wp-json\/wp\/v2\/categories?post=13619"},{"taxonomy":"post_tag","embeddable":true,"href":"https:\/\/sabuguinho.com.br\/site\/wp-json\/wp\/v2\/tags?post=13619"}],"curies":[{"name":"wp","href":"https:\/\/api.w.org\/{rel}","templated":true}]}}