{"id":13612,"date":"2024-10-10T16:51:46","date_gmt":"2024-10-10T19:51:46","guid":{"rendered":"https:\/\/sabuguinho.com.br\/site\/?p=13612"},"modified":"2024-10-10T16:51:46","modified_gmt":"2024-10-10T19:51:46","slug":"jovens-da-fundacao-casa-de-cerqueira-cesar-visitam-fabrica-de-jeans-em-avare","status":"publish","type":"post","link":"https:\/\/sabuguinho.com.br\/site\/jovens-da-fundacao-casa-de-cerqueira-cesar-visitam-fabrica-de-jeans-em-avare\/","title":{"rendered":"Jovens da Funda\u00e7\u00e3o CASA de Cerqueira C\u00e9sar visitam f\u00e1brica de jeans em Avar\u00e9"},"content":{"rendered":"<p>Tr\u00eas adolescentes que cumprem medida na Funda\u00e7\u00e3o Centro de Atendimento Socioeducativo ao Adolescente (CASA) feminino de Cerqueira C\u00e9sar, visitaram na \u00faltima quarta-feira (09\/10) a f\u00e1brica de jeans da marca Lorsa, localizada na cidade de Avar\u00e9.<br \/>\nA a\u00e7\u00e3o teve como objetivo acrescentar conhecimentos pr\u00e1ticos \u00e0s oficinas de empregabilidade, promovidas pela Secretaria de Desenvolvimento Econ\u00f4mico (SDE) do Estado de S\u00e3o Paulo. O objetivo das oficinas \u00e9 preparar jovens para o mercado de trabalho, abordando temas como comportamento em entrevistas, postura profissional e t\u00e9cnicas de trabalho em equipe.<br \/>\nAs oficinas s\u00e3o ministradas dentro do centro socioeducativo pela pedagoga, Ros\u00e2ngela Rosa Hespanhol, que participou de uma capacita\u00e7\u00e3o realizada pela SDE para realizar as aulas.<br \/>\nDurante a visita \u00e0 f\u00e1brica, as adolescentes tiveram a oportunidade de conhecerem todos os espa\u00e7os da empresa, desde a confec\u00e7\u00e3o, passando pela linha de montagem das roupas e, por fim, o setor de log\u00edstica e distribui\u00e7\u00e3o para as lojas f\u00edsicas.<br \/>\nDe acordo com a coordenadora pedag\u00f3gica do CASA Feminino Cerqueira C\u00e9sar, Val\u00e9ria Negr\u00e3o de Abreu, o setor que mais chamou aten\u00e7\u00e3o das adolescentes foi a lavanderia. \u201cElas gostaram bastante de descobrirem a forma como os jeans s\u00e3o lavados para ganharem diferentes padr\u00f5es de cores e tamb\u00e9m se impressionaram com a preocupa\u00e7\u00e3o da f\u00e1brica com a sustentabilidade, pois eles reaproveitam e cuidam da \u00e1gua\u201d, concluiu.<br \/>\nA presidente da Funda\u00e7\u00e3o CASA, Claudia Carletto, destaca ainda que a a\u00e7\u00e3o \u00e9 muito positiva para as jovens. \u201cAo visitarem uma empresa como essa, as adolescentes adquirem conhecimento de mundo e conhecem novas op\u00e7\u00f5es profissionais\u201d, destacou.<\/p>\n<p>Sobre a Funda\u00e7\u00e3o CASA<\/p>\n<p>A Funda\u00e7\u00e3o Centro de Atendimento Socioeducativo ao Adolescente (CASA), vinculada \u00e0 Secretaria de Estado da Justi\u00e7a e Cidadania, aplica medidas socioeducativas conforme o Estatuto da Crian\u00e7a e do Adolescente (ECA) e o Sistema Nacional de Atendimento Socioeducativo (SINASE). Atendendo jovens de 12 a 21 anos incompletos em S\u00e3o Paulo, a Funda\u00e7\u00e3o executa medidas de priva\u00e7\u00e3o de liberdade e semiliberdade, determinadas pelo Poder Judici\u00e1rio, com base no ato infracional e na idade dos adolescentes, garantindo os direitos previstos em lei, pautando-se na humaniza\u00e7\u00e3o, e contribuindo para o retorno do adolescente ao conv\u00edvio social.<\/p>\n<p> Mais informa\u00e7\u00f5es em: https:\/\/fundacaocasa.sp.gov.br\/.<\/p>\n<p>legenda: Atividade teve como objetivo complementar aulas das oficinas de empregabilidade ministradas com o apoio da Secretaria de Desenvolvimento Econ\u00f4mico do Estado de S\u00e3o Paulo<\/p>\n","protected":false},"excerpt":{"rendered":"<p>Tr\u00eas adolescentes que cumprem medida na Funda\u00e7\u00e3o Centro de Atendimento Socioeducativo ao Adolescente (CASA) feminino de Cerqueira C\u00e9sar, visitaram na \u00faltima quarta-feira (09\/10) a f\u00e1brica de jeans da marca Lorsa, localizada na cidade de Avar\u00e9. A a\u00e7\u00e3o teve como objetivo acrescentar conhecimentos pr\u00e1ticos \u00e0s oficinas de empregabilidade, promovidas pela Secretaria de Desenvolvimento Econ\u00f4mico (SDE) do [&hellip;]<\/p>\n","protected":false},"author":2,"featured_media":13613,"comment_status":"open","ping_status":"open","sticky":false,"template":"","format":"standard","meta":{"footnotes":""},"categories":[58],"tags":[],"_links":{"self":[{"href":"https:\/\/sabuguinho.com.br\/site\/wp-json\/wp\/v2\/posts\/13612"}],"collection":[{"href":"https:\/\/sabuguinho.com.br\/site\/wp-json\/wp\/v2\/posts"}],"about":[{"href":"https:\/\/sabuguinho.com.br\/site\/wp-json\/wp\/v2\/types\/post"}],"author":[{"embeddable":true,"href":"https:\/\/sabuguinho.com.br\/site\/wp-json\/wp\/v2\/users\/2"}],"replies":[{"embeddable":true,"href":"https:\/\/sabuguinho.com.br\/site\/wp-json\/wp\/v2\/comments?post=13612"}],"version-history":[{"count":1,"href":"https:\/\/sabuguinho.com.br\/site\/wp-json\/wp\/v2\/posts\/13612\/revisions"}],"predecessor-version":[{"id":13614,"href":"https:\/\/sabuguinho.com.br\/site\/wp-json\/wp\/v2\/posts\/13612\/revisions\/13614"}],"wp:featuredmedia":[{"embeddable":true,"href":"https:\/\/sabuguinho.com.br\/site\/wp-json\/wp\/v2\/media\/13613"}],"wp:attachment":[{"href":"https:\/\/sabuguinho.com.br\/site\/wp-json\/wp\/v2\/media?parent=13612"}],"wp:term":[{"taxonomy":"category","embeddable":true,"href":"https:\/\/sabuguinho.com.br\/site\/wp-json\/wp\/v2\/categories?post=13612"},{"taxonomy":"post_tag","embeddable":true,"href":"https:\/\/sabuguinho.com.br\/site\/wp-json\/wp\/v2\/tags?post=13612"}],"curies":[{"name":"wp","href":"https:\/\/api.w.org\/{rel}","templated":true}]}}