{"id":13609,"date":"2024-10-10T16:46:41","date_gmt":"2024-10-10T19:46:41","guid":{"rendered":"https:\/\/sabuguinho.com.br\/site\/?p=13609"},"modified":"2024-10-10T16:46:41","modified_gmt":"2024-10-10T19:46:41","slug":"presidente-do-sao-paulo-se-reune-com-zubeldia-no-ct-e-alinha-metas-para-reta-final-do-brasileiro","status":"publish","type":"post","link":"https:\/\/sabuguinho.com.br\/site\/presidente-do-sao-paulo-se-reune-com-zubeldia-no-ct-e-alinha-metas-para-reta-final-do-brasileiro\/","title":{"rendered":"Presidente do S\u00e3o Paulo se re\u00fane com Zubeld\u00eda no CT e alinha metas para reta final do Brasileiro"},"content":{"rendered":"<p>Por Andr\u00e9 da Silva Costa<\/p>\n<p>O presidente do S\u00e3o Paulo, Julio Casares, compareceu ao CT da Barra Funda na manh\u00e3 desta quinta-feira e se reuniu com o t\u00e9cnico da equipe, Luis Zubeld\u00eda.<br \/>\nO encontro, que n\u00e3o teve a presen\u00e7a de outros membros da diretoria ou da comiss\u00e3o t\u00e9cnica de Luis, n\u00e3o teve tom de cobran\u00e7a, mas sim o intuito de alinhar expectativas e ajustar detalhes visando a reta final do Brasileiro. A informa\u00e7\u00e3o foi publicada inicialmente pelo ge e confirmada pela Gazeta Esportiva.<br \/>\nCasares, ainda, deu respaldo a Zubeld\u00eda e refor\u00e7ou o apoio ao trabalho exercido pela comiss\u00e3o t\u00e9cnica. O argentino se tornou alvo de cr\u00edticas da torcida ap\u00f3s as elimina\u00e7\u00f5es na Copa do Brasil e na Libertadores. O questionamento cresceu ainda mais ap\u00f3s a derrota para o Cuiab\u00e1, no \u00faltimo s\u00e1bado<br \/>\nO presidente fez uma publica\u00e7\u00e3o em suas redes sociais e disse que o dia foi de &#8220;reuni\u00f5es no CT&#8221;. Por\u00e9m, n\u00e3o divulgou maiores detalhes do encontro<br \/>\nO S\u00e3o Paulo, no momento, est\u00e1 no quinto lugar do Brasileiro, com 47 pontos conquistados. A dist\u00e2ncia para o quarto colocado da competi\u00e7\u00e3o, Flamengo, \u00e9 de quatro pontos.<br \/>\nO Tricolor tem como objetivo principal desta temporada a classifica\u00e7\u00e3o para a Libertadores do ano que vem. O grupo se reapresentou na \u00faltima quarta-feira e j\u00e1 treina de olho no pr\u00f3ximo compromisso, contra o Vasco.<br \/>\nO jogo est\u00e1 marcado para quarta-feira que vem, dia 16 de outubro, \u00e0s 21h45 (de Bras\u00edlia), no Est\u00e1dio Brinco de Ouro, em Campinas. A partida \u00e9 v\u00e1lida pela 30\u00aa rodada do Campeonato Brasileiro.<\/p>\n","protected":false},"excerpt":{"rendered":"<p>Por Andr\u00e9 da Silva Costa O presidente do S\u00e3o Paulo, Julio Casares, compareceu ao CT da Barra Funda na manh\u00e3 desta quinta-feira e se reuniu com o t\u00e9cnico da equipe, Luis Zubeld\u00eda. O encontro, que n\u00e3o teve a presen\u00e7a de outros membros da diretoria ou da comiss\u00e3o t\u00e9cnica de Luis, n\u00e3o teve tom de cobran\u00e7a, [&hellip;]<\/p>\n","protected":false},"author":2,"featured_media":13610,"comment_status":"open","ping_status":"open","sticky":false,"template":"","format":"standard","meta":{"footnotes":""},"categories":[45],"tags":[],"_links":{"self":[{"href":"https:\/\/sabuguinho.com.br\/site\/wp-json\/wp\/v2\/posts\/13609"}],"collection":[{"href":"https:\/\/sabuguinho.com.br\/site\/wp-json\/wp\/v2\/posts"}],"about":[{"href":"https:\/\/sabuguinho.com.br\/site\/wp-json\/wp\/v2\/types\/post"}],"author":[{"embeddable":true,"href":"https:\/\/sabuguinho.com.br\/site\/wp-json\/wp\/v2\/users\/2"}],"replies":[{"embeddable":true,"href":"https:\/\/sabuguinho.com.br\/site\/wp-json\/wp\/v2\/comments?post=13609"}],"version-history":[{"count":1,"href":"https:\/\/sabuguinho.com.br\/site\/wp-json\/wp\/v2\/posts\/13609\/revisions"}],"predecessor-version":[{"id":13611,"href":"https:\/\/sabuguinho.com.br\/site\/wp-json\/wp\/v2\/posts\/13609\/revisions\/13611"}],"wp:featuredmedia":[{"embeddable":true,"href":"https:\/\/sabuguinho.com.br\/site\/wp-json\/wp\/v2\/media\/13610"}],"wp:attachment":[{"href":"https:\/\/sabuguinho.com.br\/site\/wp-json\/wp\/v2\/media?parent=13609"}],"wp:term":[{"taxonomy":"category","embeddable":true,"href":"https:\/\/sabuguinho.com.br\/site\/wp-json\/wp\/v2\/categories?post=13609"},{"taxonomy":"post_tag","embeddable":true,"href":"https:\/\/sabuguinho.com.br\/site\/wp-json\/wp\/v2\/tags?post=13609"}],"curies":[{"name":"wp","href":"https:\/\/api.w.org\/{rel}","templated":true}]}}