{"id":13606,"date":"2024-10-10T16:04:47","date_gmt":"2024-10-10T19:04:47","guid":{"rendered":"https:\/\/sabuguinho.com.br\/site\/?p=13606"},"modified":"2024-10-10T16:04:47","modified_gmt":"2024-10-10T19:04:47","slug":"tenista-rafael-nadal-anuncia-aposentadoria","status":"publish","type":"post","link":"https:\/\/sabuguinho.com.br\/site\/tenista-rafael-nadal-anuncia-aposentadoria\/","title":{"rendered":"Tenista Rafael Nadal anuncia aposentadoria"},"content":{"rendered":"<p>Reportagem de Julien Pretot, da Reuters<\/p>\n<p>Espanhol conquistou 22 t\u00edtulos de Grand Slam; despedida vir\u00e1 no final da temporada<\/p>\n<p>O espanhol Rafael Nadal, que conquistou 22 t\u00edtulos de Grand Slam, disse nesta quinta-feira (10) que vai encerrar sua carreira profissional no t\u00eanis, uma decis\u00e3o que entrar\u00e1 em vigor ap\u00f3s a final da Copa Davis, em novembro<br \/>\n&#8220;Foram anos dif\u00edceis, especialmente estes dois \u00faltimos\u201d, disse em um v\u00eddeo o tenista de 38 anos, que conquistou um recorde de 14 t\u00edtulos em Roland Garros.<br \/>\n\u201cEstou muito animado que meu \u00faltimo torneio ser\u00e1 a Copa Davis representando meu pa\u00eds. Est\u00e1 fechando o c\u00edrculo porque uma das minhas primeiras alegrias foi a final em Sevilla em 2004\u201d. Veja a declara\u00e7\u00e3o do atleta<br \/>\nA carreira de Nadal foi prejudicada por les\u00f5es. Ele perdeu a edi\u00e7\u00e3o de 2023 de Roland Garros e foi derrotado na primeira rodada deste ano pelo alem\u00e3o Alexander Zverev. O espanhol teve uma passagem t\u00edmida com elimina\u00e7\u00e3o na Olimp\u00edada de Paris 2024, al\u00e9m de anunciar recentemente que n\u00e3o disputaria outras competi\u00e7\u00f5es, a exemplo do US Open.<br \/>\nEle conquistou seu \u00faltimo t\u00edtulo de Roland Garros em 2022 e deixou o saibro de Paris com um impressionante hist\u00f3rico de 112 vit\u00f3rias e 4 derrotas.<\/p>\n<p>A \u00faltima temporada<\/p>\n<p>Nadal jogou apenas 23 partidas nas duas \u00faltimas temporadas.<\/p>\n<p>Ele pendurar\u00e1 sua raquete dois anos depois de seu grande rival Roger Federer, deixando o s\u00e9rvio Novak Djokovic, 24 vezes vencedor de Grand Slams, como o \u00fanico membro dos \u201cTr\u00eas Grandes\u201d ainda em atividade.<br \/>\nMais cedo nesta quinta-feira, o rival de Nadal nas categorias de base, o franc\u00eas Richard Gasquet, disse que encerraria sua carreira ap\u00f3s o Aberto da Fran\u00e7a do pr\u00f3ximo ano.<br \/>\nNadal agradeceu \u00e0 sua fam\u00edlia e \u00e0 sua equipe por sua carreira brilhante, com uma palavra especial para seu tio Toni, que foi seu treinador durante a maior parte de seu tempo em quadra.<br \/>\n\u201cAcredito que, gra\u00e7as a ele, tamb\u00e9m consegui superar muitas situa\u00e7\u00f5es dif\u00edceis em minha carreira esportiva\u201d, disse ele.<br \/>\nPara seus f\u00e3s, Nadal disse: \u201cN\u00e3o tenho como agradecer o suficiente pelo que voc\u00eas me fizeram sentir. Tudo o que vivi foi um sonho que se tornou realidade\u201d.<\/p>\n<p>\u201cSaio com a absoluta paz de esp\u00edrito de ter dado o meu melhor\u201d, acrescentou.<\/p>\n<p>Depois de recusar qualquer evento especial ap\u00f3s sua derrota na primeira rodada do Aberto da Fran\u00e7a deste ano, Nadal disse que voltaria e agora espera-se que ele receba o que promete ser uma homenagem emocionante em Roland Garros no pr\u00f3ximo ano.<\/p>\n<p>Legenda<br \/>\nTenista anunciou aposentadoria em um v\u00eddeo nas redes sociais (Foto: Reprodu\u00e7\u00e3o, Wikimedia Commons<\/p>\n","protected":false},"excerpt":{"rendered":"<p>Reportagem de Julien Pretot, da Reuters Espanhol conquistou 22 t\u00edtulos de Grand Slam; despedida vir\u00e1 no final da temporada O espanhol Rafael Nadal, que conquistou 22 t\u00edtulos de Grand Slam, disse nesta quinta-feira (10) que vai encerrar sua carreira profissional no t\u00eanis, uma decis\u00e3o que entrar\u00e1 em vigor ap\u00f3s a final da Copa Davis, em [&hellip;]<\/p>\n","protected":false},"author":2,"featured_media":13607,"comment_status":"open","ping_status":"open","sticky":false,"template":"","format":"standard","meta":{"footnotes":""},"categories":[45],"tags":[],"_links":{"self":[{"href":"https:\/\/sabuguinho.com.br\/site\/wp-json\/wp\/v2\/posts\/13606"}],"collection":[{"href":"https:\/\/sabuguinho.com.br\/site\/wp-json\/wp\/v2\/posts"}],"about":[{"href":"https:\/\/sabuguinho.com.br\/site\/wp-json\/wp\/v2\/types\/post"}],"author":[{"embeddable":true,"href":"https:\/\/sabuguinho.com.br\/site\/wp-json\/wp\/v2\/users\/2"}],"replies":[{"embeddable":true,"href":"https:\/\/sabuguinho.com.br\/site\/wp-json\/wp\/v2\/comments?post=13606"}],"version-history":[{"count":1,"href":"https:\/\/sabuguinho.com.br\/site\/wp-json\/wp\/v2\/posts\/13606\/revisions"}],"predecessor-version":[{"id":13608,"href":"https:\/\/sabuguinho.com.br\/site\/wp-json\/wp\/v2\/posts\/13606\/revisions\/13608"}],"wp:featuredmedia":[{"embeddable":true,"href":"https:\/\/sabuguinho.com.br\/site\/wp-json\/wp\/v2\/media\/13607"}],"wp:attachment":[{"href":"https:\/\/sabuguinho.com.br\/site\/wp-json\/wp\/v2\/media?parent=13606"}],"wp:term":[{"taxonomy":"category","embeddable":true,"href":"https:\/\/sabuguinho.com.br\/site\/wp-json\/wp\/v2\/categories?post=13606"},{"taxonomy":"post_tag","embeddable":true,"href":"https:\/\/sabuguinho.com.br\/site\/wp-json\/wp\/v2\/tags?post=13606"}],"curies":[{"name":"wp","href":"https:\/\/api.w.org\/{rel}","templated":true}]}}