{"id":13585,"date":"2024-10-10T12:14:01","date_gmt":"2024-10-10T15:14:01","guid":{"rendered":"https:\/\/sabuguinho.com.br\/site\/?p=13585"},"modified":"2024-10-10T12:14:01","modified_gmt":"2024-10-10T15:14:01","slug":"comercio-de-avare-fica-aberto-ate-as-22-horas-nesta-sexta-feira-11","status":"publish","type":"post","link":"https:\/\/sabuguinho.com.br\/site\/comercio-de-avare-fica-aberto-ate-as-22-horas-nesta-sexta-feira-11\/","title":{"rendered":"Com\u00e9rcio de Avar\u00e9 fica aberto at\u00e9 \u00e0s 22 horas nesta sexta-feira (11)"},"content":{"rendered":"<p>Em virtude do Dia das Crian\u00e7as, comemorado no s\u00e1bado, 12 de outubro, o com\u00e9rcio de Avar\u00e9 ficar\u00e1 com suas portas abertas at\u00e9 \u00e0s 22 horas na sexta-feira, dia 11. O comunicado \u00e9 da Associa\u00e7\u00e3o Comercial, Industrial e Agropecu\u00e1ria de Avar\u00e9 (ACIA), que pede tamb\u00e9m aos consumidores que apoiem o com\u00e9rcio local e aproveitem para participar da campanha dos 100 mil em vales compras, fazendo compras nas lojas identificadas com banners.<br \/>\nOutra informa\u00e7\u00e3o importante que a ACIA est\u00e1 divulgando \u00e9 sobre o fechamento do com\u00e9rcio no s\u00e1bado, dia 12, feriado alusivo \u00e0 padroeira do Brasil, Nossa Senhora da Concei\u00e7\u00e3o Aparecida.<br \/>\nO Dia das Crian\u00e7as \u00e9 a terceira maior data comemorativa do ano, atr\u00e1s apenas do Natal e Dia das M\u00e3es. Em 2022, 82% das pessoas compraram presentes em comemora\u00e7\u00e3o ao Dia das Crian\u00e7as. Com um aumento de 26% das vendas no e-commerce, o ano marcou o recorde da maior performance de vendas na data nos \u00faltimos 10 anos.<\/p>\n<p>legenda: No feriado do Dia das Crian\u00e7as, 12 de outubro, o com\u00e9rcio estar\u00e1 fechado ao p\u00fablico<\/p>\n<p>Fonte da Foto: Assessoria<\/p>\n","protected":false},"excerpt":{"rendered":"<p>Em virtude do Dia das Crian\u00e7as, comemorado no s\u00e1bado, 12 de outubro, o com\u00e9rcio de Avar\u00e9 ficar\u00e1 com suas portas abertas at\u00e9 \u00e0s 22 horas na sexta-feira, dia 11. O comunicado \u00e9 da Associa\u00e7\u00e3o Comercial, Industrial e Agropecu\u00e1ria de Avar\u00e9 (ACIA), que pede tamb\u00e9m aos consumidores que apoiem o com\u00e9rcio local e aproveitem para participar [&hellip;]<\/p>\n","protected":false},"author":2,"featured_media":13586,"comment_status":"open","ping_status":"open","sticky":false,"template":"","format":"standard","meta":{"footnotes":""},"categories":[58],"tags":[],"_links":{"self":[{"href":"https:\/\/sabuguinho.com.br\/site\/wp-json\/wp\/v2\/posts\/13585"}],"collection":[{"href":"https:\/\/sabuguinho.com.br\/site\/wp-json\/wp\/v2\/posts"}],"about":[{"href":"https:\/\/sabuguinho.com.br\/site\/wp-json\/wp\/v2\/types\/post"}],"author":[{"embeddable":true,"href":"https:\/\/sabuguinho.com.br\/site\/wp-json\/wp\/v2\/users\/2"}],"replies":[{"embeddable":true,"href":"https:\/\/sabuguinho.com.br\/site\/wp-json\/wp\/v2\/comments?post=13585"}],"version-history":[{"count":1,"href":"https:\/\/sabuguinho.com.br\/site\/wp-json\/wp\/v2\/posts\/13585\/revisions"}],"predecessor-version":[{"id":13587,"href":"https:\/\/sabuguinho.com.br\/site\/wp-json\/wp\/v2\/posts\/13585\/revisions\/13587"}],"wp:featuredmedia":[{"embeddable":true,"href":"https:\/\/sabuguinho.com.br\/site\/wp-json\/wp\/v2\/media\/13586"}],"wp:attachment":[{"href":"https:\/\/sabuguinho.com.br\/site\/wp-json\/wp\/v2\/media?parent=13585"}],"wp:term":[{"taxonomy":"category","embeddable":true,"href":"https:\/\/sabuguinho.com.br\/site\/wp-json\/wp\/v2\/categories?post=13585"},{"taxonomy":"post_tag","embeddable":true,"href":"https:\/\/sabuguinho.com.br\/site\/wp-json\/wp\/v2\/tags?post=13585"}],"curies":[{"name":"wp","href":"https:\/\/api.w.org\/{rel}","templated":true}]}}