{"id":13356,"date":"2024-10-06T21:38:31","date_gmt":"2024-10-07T00:38:31","guid":{"rendered":"https:\/\/sabuguinho.com.br\/site\/?p=13356"},"modified":"2024-10-06T21:38:31","modified_gmt":"2024-10-07T00:38:31","slug":"suellen-rosim-e-reeleita-prefeita-de-bauru-no-primeiro-turno-das-eleicoes","status":"publish","type":"post","link":"https:\/\/sabuguinho.com.br\/site\/suellen-rosim-e-reeleita-prefeita-de-bauru-no-primeiro-turno-das-eleicoes\/","title":{"rendered":"Su\u00e9llen Rosim \u00e9 reeleita prefeita de Bauru no primeiro turno das elei\u00e7\u00f5es"},"content":{"rendered":"<p>Com 96% das urnas apuradas a atual chefe do executivo j\u00e1 estava matematicamente eleita.<\/p>\n<p>Por g1 Bauru e Mar\u00edlia<\/p>\n<p>A atual prefeita de Bauru (SP), Su\u00e9llen Rosim (PSD) foi reeleita prefeita da cidade no primeiro turno. Com 282.186 eleitores aptos a votar, Bauru, era a \u00fanica cidade do centro-oeste paulista que poderia ter segundo turno.<br \/>\nCom 100% das urnas apuradas, Su\u00e9llen recebeu 94.314 votos, o que corresponde a pouco mais de 54% dos votos v\u00e1lidas. A segunda candidata mais votada foi Chiara Ranieri (Uni\u00e3o Brasil), com pouco mais de 17% dos votos, o que corresponde a 30.981 votos<br \/>\nSu\u00e9llen Silva Rosim \u00e9 atual prefeita de Bauru. Jornalista por forma\u00e7\u00e3o, Su\u00e9llen, que tem 35 anos, foi a primeira mulher a ser eleita prefeita da cidade, que tem quase 380 mil habitantes. Su\u00e9llen \u00e9 solteira e n\u00e3o tem filhos.<br \/>\nAntes de ser eleita prefeita, participou das elei\u00e7\u00f5es presidenciais de 2018 como candidata \u00e0 deputada estadual e se tornou a primeira suplente do Patriotas, partido a qual era filiada na \u00e9poca. A prefeita reeleita tamb\u00e9m \u00e9 presidente do diret\u00f3rio municipal do PSD.<\/p>\n<p>Veja como ficou a vota\u00e7\u00e3o para prefeito na cidade:<\/p>\n<p>Su\u00e9llen Rosim (PSD) (eleita) &#8211; 94.314 votos<\/p>\n<p>Chiara Ranieri (Uni\u00e3o Brasil) &#8211; 31.075 votos<\/p>\n<p>Dr. Raul (Podemos) &#8211; 27.815 votos<br \/>\nGazzetta (PV) &#8211; 8.320 votos<\/p>\n<p>Professor Marcos Chagas (PSOL) &#8211; 6.058 votos<\/p>\n<p>Ant\u00f4nio Izzo Filho (Agir) &#8211; 4.414 votos<br \/>\nProf. Xaides (PDT) &#8211; 3.415 votos<\/p>\n<p>Paulo Lago (PCO) &#8211; 130 votos<\/p>\n<p>Legenda<br \/>\nSu\u00e9llen Rosim vota em Bauru (SP) \u2014 Foto: Amanda Sanches\/TV TEM<\/p>\n","protected":false},"excerpt":{"rendered":"<p>Com 96% das urnas apuradas a atual chefe do executivo j\u00e1 estava matematicamente eleita. Por g1 Bauru e Mar\u00edlia A atual prefeita de Bauru (SP), Su\u00e9llen Rosim (PSD) foi reeleita prefeita da cidade no primeiro turno. Com 282.186 eleitores aptos a votar, Bauru, era a \u00fanica cidade do centro-oeste paulista que poderia ter segundo turno. [&hellip;]<\/p>\n","protected":false},"author":2,"featured_media":13357,"comment_status":"open","ping_status":"open","sticky":false,"template":"","format":"standard","meta":{"footnotes":""},"categories":[51],"tags":[],"_links":{"self":[{"href":"https:\/\/sabuguinho.com.br\/site\/wp-json\/wp\/v2\/posts\/13356"}],"collection":[{"href":"https:\/\/sabuguinho.com.br\/site\/wp-json\/wp\/v2\/posts"}],"about":[{"href":"https:\/\/sabuguinho.com.br\/site\/wp-json\/wp\/v2\/types\/post"}],"author":[{"embeddable":true,"href":"https:\/\/sabuguinho.com.br\/site\/wp-json\/wp\/v2\/users\/2"}],"replies":[{"embeddable":true,"href":"https:\/\/sabuguinho.com.br\/site\/wp-json\/wp\/v2\/comments?post=13356"}],"version-history":[{"count":2,"href":"https:\/\/sabuguinho.com.br\/site\/wp-json\/wp\/v2\/posts\/13356\/revisions"}],"predecessor-version":[{"id":13359,"href":"https:\/\/sabuguinho.com.br\/site\/wp-json\/wp\/v2\/posts\/13356\/revisions\/13359"}],"wp:featuredmedia":[{"embeddable":true,"href":"https:\/\/sabuguinho.com.br\/site\/wp-json\/wp\/v2\/media\/13357"}],"wp:attachment":[{"href":"https:\/\/sabuguinho.com.br\/site\/wp-json\/wp\/v2\/media?parent=13356"}],"wp:term":[{"taxonomy":"category","embeddable":true,"href":"https:\/\/sabuguinho.com.br\/site\/wp-json\/wp\/v2\/categories?post=13356"},{"taxonomy":"post_tag","embeddable":true,"href":"https:\/\/sabuguinho.com.br\/site\/wp-json\/wp\/v2\/tags?post=13356"}],"curies":[{"name":"wp","href":"https:\/\/api.w.org\/{rel}","templated":true}]}}