{"id":13333,"date":"2024-10-06T14:03:03","date_gmt":"2024-10-06T17:03:03","guid":{"rendered":"https:\/\/sabuguinho.com.br\/site\/?p=13333"},"modified":"2024-10-06T14:03:03","modified_gmt":"2024-10-06T17:03:03","slug":"reeducandos-da-fundacao-casa-de-cerqueira-cesar-e-iaras-poderao-votar-na-eleicao-de-domingo-6","status":"publish","type":"post","link":"https:\/\/sabuguinho.com.br\/site\/reeducandos-da-fundacao-casa-de-cerqueira-cesar-e-iaras-poderao-votar-na-eleicao-de-domingo-6\/","title":{"rendered":"REEDUCANDOS DA FUNDA\u00c7\u00c3O CASA DE CERQUEIRA C\u00c9SAR E IARAS PODER\u00c3O VOTAR NA ELEI\u00c7\u00c3O DE DOMINGO (6)"},"content":{"rendered":"<p>Adolescentes e jovens adultos reeducandos da Funda\u00e7\u00e3o Centro de Atendimento Socioeducativo ao Adolescente (Casa) v\u00e3o poder votar em se\u00e7\u00f5es eleitorais especiais no pr\u00f3ximo domingo (6). As se\u00e7\u00f5es foram organizadas pelo Tribunal Regional Eleitoral de S\u00e3o Paulo (TRE-SP) em v\u00e1rias cidades, incluindo o interior de S\u00e3o Paulo.<br \/>\nOs jovens em cumprimento de medida socioeducativa e colaboradores da Funda\u00e7\u00e3o Casa votar\u00e3o em se\u00e7\u00f5es eleitorais instaladas em 37 centros da institui\u00e7\u00e3o, distribu\u00eddos por 11 munic\u00edpios de S\u00e3o Paulo, incluindo as cidades de Cerqueira C\u00e9sar e Iaras, na regi\u00e3o de Avar\u00e9.<br \/>\nNo total, 794 eleitores foram registrados para votar nestas se\u00e7\u00f5es: 745 adolescentes e jovens de at\u00e9 21 anos, al\u00e9m de 49 servidores e mes\u00e1rios.<br \/>\nSegundo a institui\u00e7\u00e3o, est\u00e3o entre os eleitores adolescentes de 16 e 17 anos que possuem voto facultativo, e jovens entre 18 e 20 anos, com voto obrigat\u00f3rio.<br \/>\nA capital paulista concentra a maior parte das se\u00e7\u00f5es eleitorais, com 18 locais de vota\u00e7\u00e3o. As demais est\u00e3o distribu\u00eddas em Osasco, Guarulhos, Santo Andr\u00e9, Franca, Lins, Botucatu, Cerqueira C\u00e9sar, Sorocaba, Bauru e Iaras.<\/p>\n","protected":false},"excerpt":{"rendered":"<p>Adolescentes e jovens adultos reeducandos da Funda\u00e7\u00e3o Centro de Atendimento Socioeducativo ao Adolescente (Casa) v\u00e3o poder votar em se\u00e7\u00f5es eleitorais especiais no pr\u00f3ximo domingo (6). As se\u00e7\u00f5es foram organizadas pelo Tribunal Regional Eleitoral de S\u00e3o Paulo (TRE-SP) em v\u00e1rias cidades, incluindo o interior de S\u00e3o Paulo. Os jovens em cumprimento de medida socioeducativa e colaboradores [&hellip;]<\/p>\n","protected":false},"author":2,"featured_media":13334,"comment_status":"open","ping_status":"open","sticky":false,"template":"","format":"standard","meta":{"footnotes":""},"categories":[51],"tags":[],"_links":{"self":[{"href":"https:\/\/sabuguinho.com.br\/site\/wp-json\/wp\/v2\/posts\/13333"}],"collection":[{"href":"https:\/\/sabuguinho.com.br\/site\/wp-json\/wp\/v2\/posts"}],"about":[{"href":"https:\/\/sabuguinho.com.br\/site\/wp-json\/wp\/v2\/types\/post"}],"author":[{"embeddable":true,"href":"https:\/\/sabuguinho.com.br\/site\/wp-json\/wp\/v2\/users\/2"}],"replies":[{"embeddable":true,"href":"https:\/\/sabuguinho.com.br\/site\/wp-json\/wp\/v2\/comments?post=13333"}],"version-history":[{"count":1,"href":"https:\/\/sabuguinho.com.br\/site\/wp-json\/wp\/v2\/posts\/13333\/revisions"}],"predecessor-version":[{"id":13335,"href":"https:\/\/sabuguinho.com.br\/site\/wp-json\/wp\/v2\/posts\/13333\/revisions\/13335"}],"wp:featuredmedia":[{"embeddable":true,"href":"https:\/\/sabuguinho.com.br\/site\/wp-json\/wp\/v2\/media\/13334"}],"wp:attachment":[{"href":"https:\/\/sabuguinho.com.br\/site\/wp-json\/wp\/v2\/media?parent=13333"}],"wp:term":[{"taxonomy":"category","embeddable":true,"href":"https:\/\/sabuguinho.com.br\/site\/wp-json\/wp\/v2\/categories?post=13333"},{"taxonomy":"post_tag","embeddable":true,"href":"https:\/\/sabuguinho.com.br\/site\/wp-json\/wp\/v2\/tags?post=13333"}],"curies":[{"name":"wp","href":"https:\/\/api.w.org\/{rel}","templated":true}]}}