{"id":13285,"date":"2024-10-05T16:58:26","date_gmt":"2024-10-05T19:58:26","guid":{"rendered":"https:\/\/sabuguinho.com.br\/site\/?p=13285"},"modified":"2024-10-05T16:59:34","modified_gmt":"2024-10-05T19:59:34","slug":"weverton-e-convocado-pela-selecao-brasileira-para-a-vaga-de-alisson","status":"publish","type":"post","link":"https:\/\/sabuguinho.com.br\/site\/weverton-e-convocado-pela-selecao-brasileira-para-a-vaga-de-alisson\/","title":{"rendered":"Weverton \u00e9 convocado pela sele\u00e7\u00e3o brasileira para a vaga de Alisson"},"content":{"rendered":"<p>Goleiro do Palmeiras \u00e9 chamado pelo t\u00e9cnico Dorival J\u00fanior para os jogos contra Chile e Peru<\/p>\n<p>Por Reda\u00e7\u00e3o do ge \u2014 S\u00e3o Paulo<\/p>\n<p>O goleiro Weverton, do Palmeiras, foi convocado pela sele\u00e7\u00e3o brasileira para os pr\u00f3ximos jogos contra Chile e Peru, pelas eliminat\u00f3rias sul-americanas para a Copa do Mundo de 2026. Ele foi chamado para o lugar de Alisson, do Liverpool, que sofreu uma les\u00e3o neste s\u00e1bado, durante o jogo contra o Crystal Palace, pela Premier League (assista acima)<br \/>\nO departamento m\u00e9dico da Sele\u00e7\u00e3o entrou em contato com o Liverpool e foi informado que Alisson n\u00e3o teria condi\u00e7\u00f5es de atuar nos jogos contra Chile e Peru. Essas partidas est\u00e3o marcadas para os dias 10 e 15 de outubro, em Santiago e Bras\u00edlia, respectivamente<br \/>\nO t\u00e9cnico do time ingl\u00eas, Arne Slot, disse ainda neste s\u00e1bado que a les\u00e3o de Alisson, na parte posterior da coxa direita, n\u00e3o parecia simples, e que ele dificilmente teria condi\u00e7\u00f5es de se juntar \u00e0 Sele\u00e7\u00e3o. O goleiro vai passar por exames de imagem neste domingo, mas o diagn\u00f3stico cl\u00ednico j\u00e1 indicou que h\u00e1 les\u00e3o<\/p>\n<p><img loading=\"lazy\" decoding=\"async\" src=\"https:\/\/sabuguinho.com.br\/site\/wp-content\/uploads\/2024\/10\/52989875353-fe922aa671-k-150x97.jpg\" alt=\"\" width=\"150\" height=\"97\" class=\"alignnone size-medium wp-image-13286\" srcset=\"https:\/\/sabuguinho.com.br\/site\/wp-content\/uploads\/2024\/10\/52989875353-fe922aa671-k-150x97.jpg 150w, https:\/\/sabuguinho.com.br\/site\/wp-content\/uploads\/2024\/10\/52989875353-fe922aa671-k-512x330.jpg 512w, https:\/\/sabuguinho.com.br\/site\/wp-content\/uploads\/2024\/10\/52989875353-fe922aa671-k.jpg 600w\" sizes=\"(max-width: 150px) 100vw, 150px\" \/><\/p>\n<p>Legenda<br \/>\nWeverton foi convocado pelo t\u00e9cnico Dorival J\u00fanior para os jogos do Brasil contra Chile e Peru \u2014 Foto: Joilson Marconne \/ CBF<\/p>\n<p>A apresenta\u00e7\u00e3o dos jogadores e da comiss\u00e3o t\u00e9cnica do Brasil est\u00e1 marcada para segunda-feira, em S\u00e3o Paulo<\/p>\n<p>Weverton disputou 51 jogos pelo Palmeiras em 2024. Ele tem no curr\u00edculo 10 partidas pela sele\u00e7\u00e3o brasileira principal, sendo a \u00faltima o amistoso contra o Marrocos, em mar\u00e7o do ano passado (derrota por 2 a 1).<br \/>\nO Brasil ocupa a quinta posi\u00e7\u00e3o na tabela das Eliminat\u00f3rias e busca se recuperar na classifica\u00e7\u00e3o. Em 2023, ainda com Fernando Diniz, o Brasil ganhou da Bol\u00edvia e perdeu para Uruguai, Col\u00f4mbia e Argentina. Este ano, com de Dorival, venceu o Equador e foi derrotado pelo Paraguai.<\/p>\n<p>Os convocados para a sele\u00e7\u00e3o brasileira:<\/p>\n<p>Goleiros: Bento (Al-Nassr), Ederson (Manchester City) e Weverton (Palmeiras)*<\/p>\n<p>Laterais: Danilo (Juventus), Vanderson (Monaco), Abner (Lyon) e Alex Teles (Botafogo)*<\/p>\n<p>Zagueiros: Beraldo (PSG)*, \u00c9der Milit\u00e3o (Real Madrid), Gabriel Magalh\u00e3es (Arsenal) e Marquinhos (PSG);<\/p>\n<p>Meio-campistas: Andr\u00e9 (Wolverhampton), Bruno Guimar\u00e3es (Newcastle), Gerson (Flamengo), Lucas Paquet\u00e1 (West Ham) e Rodrygo (Real Madrid);<\/p>\n<p>Atacantes: Endrick (Real Madrid), Igor Jesus (Botafogo), Gabriel Martinelli (Arsenal), Luiz Henrique (Botafogo), Raphinha (Barcelona), Savinho (Manchester City) e Vinicius Junior (Real Madrid)<\/p>\n<p>* Convocados nos lugares de Alisson (Liverpool), Guilherme Arana (Atl\u00e9tico-MG) e Bremer (Juventus), cortados<\/p>\n<p>Legenda<br \/>\nWeverton durante treino da sele\u00e7\u00e3o brasileira na Copa do Mundo de 2022 \u2014 Foto: Lucas Figueiredo \/ CBF<\/p>\n","protected":false},"excerpt":{"rendered":"<p>Goleiro do Palmeiras \u00e9 chamado pelo t\u00e9cnico Dorival J\u00fanior para os jogos contra Chile e Peru Por Reda\u00e7\u00e3o do ge \u2014 S\u00e3o Paulo O goleiro Weverton, do Palmeiras, foi convocado pela sele\u00e7\u00e3o brasileira para os pr\u00f3ximos jogos contra Chile e Peru, pelas eliminat\u00f3rias sul-americanas para a Copa do Mundo de 2026. Ele foi chamado para [&hellip;]<\/p>\n","protected":false},"author":2,"featured_media":13287,"comment_status":"open","ping_status":"open","sticky":false,"template":"","format":"standard","meta":{"footnotes":""},"categories":[45],"tags":[],"_links":{"self":[{"href":"https:\/\/sabuguinho.com.br\/site\/wp-json\/wp\/v2\/posts\/13285"}],"collection":[{"href":"https:\/\/sabuguinho.com.br\/site\/wp-json\/wp\/v2\/posts"}],"about":[{"href":"https:\/\/sabuguinho.com.br\/site\/wp-json\/wp\/v2\/types\/post"}],"author":[{"embeddable":true,"href":"https:\/\/sabuguinho.com.br\/site\/wp-json\/wp\/v2\/users\/2"}],"replies":[{"embeddable":true,"href":"https:\/\/sabuguinho.com.br\/site\/wp-json\/wp\/v2\/comments?post=13285"}],"version-history":[{"count":1,"href":"https:\/\/sabuguinho.com.br\/site\/wp-json\/wp\/v2\/posts\/13285\/revisions"}],"predecessor-version":[{"id":13288,"href":"https:\/\/sabuguinho.com.br\/site\/wp-json\/wp\/v2\/posts\/13285\/revisions\/13288"}],"wp:featuredmedia":[{"embeddable":true,"href":"https:\/\/sabuguinho.com.br\/site\/wp-json\/wp\/v2\/media\/13287"}],"wp:attachment":[{"href":"https:\/\/sabuguinho.com.br\/site\/wp-json\/wp\/v2\/media?parent=13285"}],"wp:term":[{"taxonomy":"category","embeddable":true,"href":"https:\/\/sabuguinho.com.br\/site\/wp-json\/wp\/v2\/categories?post=13285"},{"taxonomy":"post_tag","embeddable":true,"href":"https:\/\/sabuguinho.com.br\/site\/wp-json\/wp\/v2\/tags?post=13285"}],"curies":[{"name":"wp","href":"https:\/\/api.w.org\/{rel}","templated":true}]}}