{"id":13270,"date":"2024-10-05T13:51:31","date_gmt":"2024-10-05T16:51:31","guid":{"rendered":"https:\/\/sabuguinho.com.br\/site\/?p=13270"},"modified":"2024-10-05T13:52:26","modified_gmt":"2024-10-05T16:52:26","slug":"concurso-dos-correios-destina-30-das-vagas-para-negros-e-indigenas","status":"publish","type":"post","link":"https:\/\/sabuguinho.com.br\/site\/concurso-dos-correios-destina-30-das-vagas-para-negros-e-indigenas\/","title":{"rendered":"Concurso dos Correios destina 30% das vagas para negros e ind\u00edgenas"},"content":{"rendered":"<p>Com informa\u00e7\u00f5es dos Correios<\/p>\n<p>Editais para analistas e t\u00e9cnicos saem na pr\u00f3xima quarta-feira<\/p>\n<p>Ag\u00eancia Brasil*<\/p>\n<p>O concurso nacional dos Correios destinar\u00e1 30% das vagas para pessoas negras (pretas e pardas) e ind\u00edgenas. A empresa estatal informa que est\u00e1 na etapa final de revis\u00e3o e an\u00e1lise dos editais, que ser\u00e3o publicados na pr\u00f3xima quarta-feira (9).<br \/>\n\u201cA equidade de ra\u00e7a est\u00e1 entre as prioridades da nossa gest\u00e3o, em alinhamento \u00e0s diretrizes do governo do presidente Lula. Com a reserva de vagas para grupos historicamente minorizados estamos criando oportunidades para que iniciem uma carreira s\u00f3lida nos Correios, uma das empresas mais admiradas do Brasil, e contribu\u00edmos para o avan\u00e7o da justi\u00e7a social em nosso Pa\u00eds\u201d, afirma o presidente dos Correios, Fabiano Silva dos Santos.<br \/>\nAo todo, ser\u00e3o oferecidas 3.099 vagas de Agente de Correios (n\u00edvel m\u00e9dio), al\u00e9m de 5.344 para cadastro reserva; e 369 vagas para Analista de Correios (n\u00edvel superior) mais cadastro reserva de 631 postos para o cargo. Os sal\u00e1rios iniciais ser\u00e3o de R$ 2.429,26 e R$ 6.872,48, respectivamente.<\/p>\n<p>Provas<\/p>\n<p>Os Correios informam ainda que a aplica\u00e7\u00e3o das provas 15 de dezembro, em todas as regi\u00f5es do Brasil, contemplando todos os estados e o Distrito Federal, podendo abranger at\u00e9 306 localidades. Os exames ser\u00e3o aplicados pelo Instituto Brasileiro de Forma\u00e7\u00e3o e Capacita\u00e7\u00e3o (IBFC).<br \/>\nPara os cargos de n\u00edvel m\u00e9dio, as provas ser\u00e3o objetivas de car\u00e1ter eliminat\u00f3rio e classificat\u00f3rio. J\u00e1 para os de n\u00edvel superior, ser\u00e3o objetivas de car\u00e1ter eliminat\u00f3rio e classificat\u00f3rio, mais prova discursiva com reda\u00e7\u00e3o de at\u00e9 30 linhas.<br \/>\nO cronograma detalhado com per\u00edodo de inscri\u00e7\u00e3o e conte\u00fado program\u00e1tico ser\u00e3o divulgados no edital.<\/p>\n<p>Seguran\u00e7a e sa\u00fade do trabalho<\/p>\n<p>J\u00e1 as provas do concurso para provimento de vagas na \u00e1rea de medicina e seguran\u00e7a do trabalho ser\u00e3o aplicadas no dia 13 de outubro. A divulga\u00e7\u00e3o do resultado final est\u00e1 prevista para o dia 20 de novembro.<br \/>\nA primeira fase deste concurso ser\u00e1 com provas objetivas, de car\u00e1ter eliminat\u00f3rio e classificat\u00f3rio. A segunda fase \u00e9 de comprova\u00e7\u00e3o de requisitos, an\u00e1lise de perfil profissional e realiza\u00e7\u00e3o de exames m\u00e9dicos admissionais.<\/p>\n<p>Clique aqui, para mais informa\u00e7\u00f5es.<\/p>\n","protected":false},"excerpt":{"rendered":"<p>Com informa\u00e7\u00f5es dos Correios Editais para analistas e t\u00e9cnicos saem na pr\u00f3xima quarta-feira Ag\u00eancia Brasil* O concurso nacional dos Correios destinar\u00e1 30% das vagas para pessoas negras (pretas e pardas) e ind\u00edgenas. A empresa estatal informa que est\u00e1 na etapa final de revis\u00e3o e an\u00e1lise dos editais, que ser\u00e3o publicados na pr\u00f3xima quarta-feira (9). \u201cA [&hellip;]<\/p>\n","protected":false},"author":2,"featured_media":13274,"comment_status":"open","ping_status":"open","sticky":false,"template":"","format":"standard","meta":{"footnotes":""},"categories":[61],"tags":[],"_links":{"self":[{"href":"https:\/\/sabuguinho.com.br\/site\/wp-json\/wp\/v2\/posts\/13270"}],"collection":[{"href":"https:\/\/sabuguinho.com.br\/site\/wp-json\/wp\/v2\/posts"}],"about":[{"href":"https:\/\/sabuguinho.com.br\/site\/wp-json\/wp\/v2\/types\/post"}],"author":[{"embeddable":true,"href":"https:\/\/sabuguinho.com.br\/site\/wp-json\/wp\/v2\/users\/2"}],"replies":[{"embeddable":true,"href":"https:\/\/sabuguinho.com.br\/site\/wp-json\/wp\/v2\/comments?post=13270"}],"version-history":[{"count":2,"href":"https:\/\/sabuguinho.com.br\/site\/wp-json\/wp\/v2\/posts\/13270\/revisions"}],"predecessor-version":[{"id":13276,"href":"https:\/\/sabuguinho.com.br\/site\/wp-json\/wp\/v2\/posts\/13270\/revisions\/13276"}],"wp:featuredmedia":[{"embeddable":true,"href":"https:\/\/sabuguinho.com.br\/site\/wp-json\/wp\/v2\/media\/13274"}],"wp:attachment":[{"href":"https:\/\/sabuguinho.com.br\/site\/wp-json\/wp\/v2\/media?parent=13270"}],"wp:term":[{"taxonomy":"category","embeddable":true,"href":"https:\/\/sabuguinho.com.br\/site\/wp-json\/wp\/v2\/categories?post=13270"},{"taxonomy":"post_tag","embeddable":true,"href":"https:\/\/sabuguinho.com.br\/site\/wp-json\/wp\/v2\/tags?post=13270"}],"curies":[{"name":"wp","href":"https:\/\/api.w.org\/{rel}","templated":true}]}}