{"id":13262,"date":"2024-10-05T13:24:02","date_gmt":"2024-10-05T16:24:02","guid":{"rendered":"https:\/\/sabuguinho.com.br\/site\/?p=13262"},"modified":"2024-10-05T13:25:00","modified_gmt":"2024-10-05T16:25:00","slug":"aviao-da-fab-chega-ao-libano-para-resgatar-brasileiros","status":"publish","type":"post","link":"https:\/\/sabuguinho.com.br\/site\/aviao-da-fab-chega-ao-libano-para-resgatar-brasileiros\/","title":{"rendered":"Avi\u00e3o da FAB chega ao L\u00edbano para resgatar brasileiros"},"content":{"rendered":"<p>Aeronave pousou em Beirute \u00e0s 11h22 deste s\u00e1bado<\/p>\n<p>Ag\u00eancia Brasil<\/p>\n<p>A aeronave KC-30 da For\u00e7a A\u00e9rea Brasileira (FAB) que far\u00e1 o primeiro voo de repatria\u00e7\u00e3o de brasileiros no L\u00edbano chegou a Beirute, capital libanesa, \u00e0s 17h22 (hor\u00e1rio local) &#8211; 11h22 (no hor\u00e1rio de Bras\u00edlia) &#8211; deste s\u00e1bado (5).<br \/>\nO avi\u00e3o, empregado na Opera\u00e7\u00e3o Ra\u00edzes do Cedro, partiu de Lisboa, em Portugal, no in\u00edcio da manh\u00e3.<br \/>\nA expectativa \u00e9 que 220 brasileiros e familiares retornem ao pa\u00eds nesta primeira fase da opera\u00e7\u00e3o. O objetivo \u00e9 trazer ao pa\u00eds at\u00e9 500 pessoas por semana.<br \/>\nEstima-se que 20 mil brasileiros morem em territ\u00f3rio liban\u00eas. O Minist\u00e9rio das Rela\u00e7\u00f5es Exteriores (MRE) contabiliza cerca de 3 mil brasileiros que desejam deixar o pa\u00eds, em meio \u00e0 escalada das opera\u00e7\u00f5es militares das For\u00e7as Armadas de Israel.<br \/>\nA repatria\u00e7\u00e3o estava prevista para sexta-feira (4), mas foi adiada para an\u00e1lise das condi\u00e7\u00f5es de seguran\u00e7a. Na noite de quinta, os bombardeios israelenses em dire\u00e7\u00e3o ao L\u00edbano foram intensificados. At\u00e9 mesmo \u00e1reas pr\u00f3ximas do aeroporto de Beirute chegaram a ser atingidas.<\/p>\n","protected":false},"excerpt":{"rendered":"<p>Aeronave pousou em Beirute \u00e0s 11h22 deste s\u00e1bado Ag\u00eancia Brasil A aeronave KC-30 da For\u00e7a A\u00e9rea Brasileira (FAB) que far\u00e1 o primeiro voo de repatria\u00e7\u00e3o de brasileiros no L\u00edbano chegou a Beirute, capital libanesa, \u00e0s 17h22 (hor\u00e1rio local) &#8211; 11h22 (no hor\u00e1rio de Bras\u00edlia) &#8211; deste s\u00e1bado (5). O avi\u00e3o, empregado na Opera\u00e7\u00e3o Ra\u00edzes do [&hellip;]<\/p>\n","protected":false},"author":2,"featured_media":13263,"comment_status":"open","ping_status":"open","sticky":false,"template":"","format":"standard","meta":{"footnotes":""},"categories":[1],"tags":[],"_links":{"self":[{"href":"https:\/\/sabuguinho.com.br\/site\/wp-json\/wp\/v2\/posts\/13262"}],"collection":[{"href":"https:\/\/sabuguinho.com.br\/site\/wp-json\/wp\/v2\/posts"}],"about":[{"href":"https:\/\/sabuguinho.com.br\/site\/wp-json\/wp\/v2\/types\/post"}],"author":[{"embeddable":true,"href":"https:\/\/sabuguinho.com.br\/site\/wp-json\/wp\/v2\/users\/2"}],"replies":[{"embeddable":true,"href":"https:\/\/sabuguinho.com.br\/site\/wp-json\/wp\/v2\/comments?post=13262"}],"version-history":[{"count":1,"href":"https:\/\/sabuguinho.com.br\/site\/wp-json\/wp\/v2\/posts\/13262\/revisions"}],"predecessor-version":[{"id":13264,"href":"https:\/\/sabuguinho.com.br\/site\/wp-json\/wp\/v2\/posts\/13262\/revisions\/13264"}],"wp:featuredmedia":[{"embeddable":true,"href":"https:\/\/sabuguinho.com.br\/site\/wp-json\/wp\/v2\/media\/13263"}],"wp:attachment":[{"href":"https:\/\/sabuguinho.com.br\/site\/wp-json\/wp\/v2\/media?parent=13262"}],"wp:term":[{"taxonomy":"category","embeddable":true,"href":"https:\/\/sabuguinho.com.br\/site\/wp-json\/wp\/v2\/categories?post=13262"},{"taxonomy":"post_tag","embeddable":true,"href":"https:\/\/sabuguinho.com.br\/site\/wp-json\/wp\/v2\/tags?post=13262"}],"curies":[{"name":"wp","href":"https:\/\/api.w.org\/{rel}","templated":true}]}}