{"id":13230,"date":"2024-10-04T15:28:59","date_gmt":"2024-10-04T18:28:59","guid":{"rendered":"https:\/\/sabuguinho.com.br\/site\/?p=13230"},"modified":"2024-10-04T15:28:59","modified_gmt":"2024-10-04T18:28:59","slug":"arthur-elias-convoca-selecao-feminina-para-amistosos-contra-a-colombia-veja-lista","status":"publish","type":"post","link":"https:\/\/sabuguinho.com.br\/site\/arthur-elias-convoca-selecao-feminina-para-amistosos-contra-a-colombia-veja-lista\/","title":{"rendered":"Arthur Elias convoca sele\u00e7\u00e3o feminina para amistosos contra a Col\u00f4mbia; veja lista"},"content":{"rendered":"<p>T\u00e9cnico busca renova\u00e7\u00e3o ap\u00f3s a prata ol\u00edmpica; Marta fica fora da lista para os jogos no fim de outubro<\/p>\n<p>Por Reda\u00e7\u00e3o do ge \u2014<\/p>\n<p>O t\u00e9cnico Arthur Elias convocou nesta sexta-feira a sele\u00e7\u00e3o brasileira feminina para dois amistosos contra a Col\u00f4mbia, nos dias 26 e 29 de outubro, ambos no Est\u00e1dio Kl\u00e9ber Andrade, em Cariacica (ES). As partidas s\u00e3o as primeiras do Brasil ap\u00f3s a conquista da prata ol\u00edmpica nos Jogos de Paris-2024, em agosto (veja a lista completa no fim)<br \/>\nDas 26 jogadoras chamadas para os amistosos, 13 foram medalhistas em Paris. Priorizando a observa\u00e7\u00e3o de novas jogadoras, o treinador n\u00e3o chamou a atacante Marta, do Orlando Pride, e outras oito jogadoras da campanha ol\u00edmpica. Quatro delas est\u00e3o se recuperando de les\u00e3o: Ant\u00f4nia, Tamires, Rafaelle e Jheniffer<br \/>\n&#8211; Nessa convoca\u00e7\u00e3o, o objetivo maior \u00e9 dar oportunidade para novas jogadoras. A Marta voltou super bem (ao Orlando Pride), e em breve a gente vai conversar, n\u00e3o s\u00f3 com ela, mas com outras tamb\u00e9m, como a Bia Zaneratto, a Ary (Borges), a Debinha, que sempre foram muito importantes para a hist\u00f3ria da sele\u00e7\u00e3o brasileira. Nesse momento, por esses crit\u00e9rios, elas n\u00e3o foram chamadas agora, mas podem ser em breve &#8211; explicou o treinador<\/p>\n<p><img loading=\"lazy\" decoding=\"async\" src=\"https:\/\/sabuguinho.com.br\/site\/wp-content\/uploads\/2024\/10\/53831075844-c3a7464b92-o-1-150x100.jpg\" alt=\"\" width=\"150\" height=\"100\" class=\"alignnone size-medium wp-image-13231\" srcset=\"https:\/\/sabuguinho.com.br\/site\/wp-content\/uploads\/2024\/10\/53831075844-c3a7464b92-o-1-150x100.jpg 150w, https:\/\/sabuguinho.com.br\/site\/wp-content\/uploads\/2024\/10\/53831075844-c3a7464b92-o-1-512x341.jpg 512w, https:\/\/sabuguinho.com.br\/site\/wp-content\/uploads\/2024\/10\/53831075844-c3a7464b92-o-1.jpg 600w\" sizes=\"(max-width: 150px) 100vw, 150px\" \/><\/p>\n<p>Legenda<br \/>\nArthur Elias convoca a sele\u00e7\u00e3o brasileira feminina para amistosos contra a Col\u00f4mbia \u2014 Foto: Staff Images\/CBF<\/p>\n<p>Depois de enfrentar a Col\u00f4mbia, o Brasil j\u00e1 tem dois amistosos agendados contra a Austr\u00e1lia, no fim de novembro e in\u00edcio de dezembro, em territ\u00f3rio australiano. Arthur Elias afirmou, na entrevista coletiva ap\u00f3s a convoca\u00e7\u00e3o, que quer dar oportunidade a novos nomes, pensando na prepara\u00e7\u00e3o para a pr\u00f3xima competi\u00e7\u00e3o oficial, a Copa Am\u00e9rica de 2025, no Equador.<br \/>\n&#8211; O primeiro crit\u00e9rio \u00e9 olhar para a frente. Tenho agora este ano duas convoca\u00e7\u00f5es, ano que vem mais tr\u00eas Datas Fifa com amistosos e vamos para a Copa Am\u00e9rica, que \u00e9 uma competi\u00e7\u00e3o muito importante, com responsabilidade de venc\u00ea-la e classificar o Brasil para as Olimp\u00edadas (de Los Angeles-2032) &#8211; disse o treinador antes de anunciar a lista<br \/>\n&#8211; Quero aproveitar essas duas convoca\u00e7\u00f5es deste ano para conhecer jogadoras jovens, ter a oportunidade de conhecer mais de perto para que elas j\u00e1 possam estar inseridas neste contexto, e quem sabe elas poderem nos ajudar l\u00e1 na frente na Copa Am\u00e9rica e quem sabe na Copa do Mundo de 2027 &#8211; completou<\/p>\n<p>CONFIRA AS CONVOCADAS<br \/>\n:<br \/>\nGOLEIRAS &#8211; Lorena (Gr\u00eamio), Natascha (Palmeiras) e Tain\u00e1 (Am\u00e9rica-MG)<\/p>\n<p>DEFENSORAS &#8211; Isa Haas (Internacional), Kak\u00e1 (S\u00e3o Paulo), F\u00ea Palermo (Palmeiras), Yasmim (Corinthians), Bia Menezes (S\u00e3o Paulo), Vit\u00f3ria Calhau (Cruzeiro), Tarciane (Houston Dash-EUA) e Lauren (Atl\u00e9tico de Madrid-ESP)<\/p>\n<p>MEIAS &#8211; Angelina (Orlando Pride-EUA), Camilinha (S\u00e3o Paulo), La\u00eds Estevam (Palmeiras), Duda Sampaio (Corinthians) e Vit\u00f3ria Yay\u00e1 (Corinthians)<\/p>\n<p>ATACANTES &#8211; Adriana (Orlando Pride-EUA), Micaelly (Ferrovi\u00e1ria), Gabi Portilho (Corinthians), Ludmila (Chicago Red Stars-EUA), Priscila (Am\u00e9rica-MEX), Dudinha (S\u00e3o Paulo), Kerolin (North Carolina Courage-EUA), Amanda Gutierrez (Palmeiras), Gio Queiroz (Atl\u00e9tico de Madrid-ESP) e Vic Albuquerque (Corinthians).<\/p>\n<p><img loading=\"lazy\" decoding=\"async\" src=\"https:\/\/sabuguinho.com.br\/site\/wp-content\/uploads\/2024\/10\/Screenshot_20241004-1525422-142x150.png\" alt=\"\" width=\"142\" height=\"150\" class=\"alignnone size-medium wp-image-13232\" srcset=\"https:\/\/sabuguinho.com.br\/site\/wp-content\/uploads\/2024\/10\/Screenshot_20241004-1525422-142x150.png 142w, https:\/\/sabuguinho.com.br\/site\/wp-content\/uploads\/2024\/10\/Screenshot_20241004-1525422-486x512.png 486w, https:\/\/sabuguinho.com.br\/site\/wp-content\/uploads\/2024\/10\/Screenshot_20241004-1525422-768x809.png 768w, https:\/\/sabuguinho.com.br\/site\/wp-content\/uploads\/2024\/10\/Screenshot_20241004-1525422-750x790.png 750w, https:\/\/sabuguinho.com.br\/site\/wp-content\/uploads\/2024\/10\/Screenshot_20241004-1525422.png 1080w\" sizes=\"(max-width: 142px) 100vw, 142px\" \/><\/p>\n<p>Legenda<br \/>\nArthur Elias convoca a sele\u00e7\u00e3o brasileira feminina para amistosos contra a Col\u00f4mbia \u2014 Foto: Staff Images\/CBF<\/p>\n","protected":false},"excerpt":{"rendered":"<p>T\u00e9cnico busca renova\u00e7\u00e3o ap\u00f3s a prata ol\u00edmpica; Marta fica fora da lista para os jogos no fim de outubro Por Reda\u00e7\u00e3o do ge \u2014 O t\u00e9cnico Arthur Elias convocou nesta sexta-feira a sele\u00e7\u00e3o brasileira feminina para dois amistosos contra a Col\u00f4mbia, nos dias 26 e 29 de outubro, ambos no Est\u00e1dio Kl\u00e9ber Andrade, em Cariacica [&hellip;]<\/p>\n","protected":false},"author":2,"featured_media":13231,"comment_status":"open","ping_status":"open","sticky":false,"template":"","format":"standard","meta":{"footnotes":""},"categories":[1],"tags":[],"_links":{"self":[{"href":"https:\/\/sabuguinho.com.br\/site\/wp-json\/wp\/v2\/posts\/13230"}],"collection":[{"href":"https:\/\/sabuguinho.com.br\/site\/wp-json\/wp\/v2\/posts"}],"about":[{"href":"https:\/\/sabuguinho.com.br\/site\/wp-json\/wp\/v2\/types\/post"}],"author":[{"embeddable":true,"href":"https:\/\/sabuguinho.com.br\/site\/wp-json\/wp\/v2\/users\/2"}],"replies":[{"embeddable":true,"href":"https:\/\/sabuguinho.com.br\/site\/wp-json\/wp\/v2\/comments?post=13230"}],"version-history":[{"count":1,"href":"https:\/\/sabuguinho.com.br\/site\/wp-json\/wp\/v2\/posts\/13230\/revisions"}],"predecessor-version":[{"id":13233,"href":"https:\/\/sabuguinho.com.br\/site\/wp-json\/wp\/v2\/posts\/13230\/revisions\/13233"}],"wp:featuredmedia":[{"embeddable":true,"href":"https:\/\/sabuguinho.com.br\/site\/wp-json\/wp\/v2\/media\/13231"}],"wp:attachment":[{"href":"https:\/\/sabuguinho.com.br\/site\/wp-json\/wp\/v2\/media?parent=13230"}],"wp:term":[{"taxonomy":"category","embeddable":true,"href":"https:\/\/sabuguinho.com.br\/site\/wp-json\/wp\/v2\/categories?post=13230"},{"taxonomy":"post_tag","embeddable":true,"href":"https:\/\/sabuguinho.com.br\/site\/wp-json\/wp\/v2\/tags?post=13230"}],"curies":[{"name":"wp","href":"https:\/\/api.w.org\/{rel}","templated":true}]}}