{"id":13222,"date":"2024-10-04T14:49:52","date_gmt":"2024-10-04T17:49:52","guid":{"rendered":"https:\/\/sabuguinho.com.br\/site\/?p=13222"},"modified":"2024-10-04T14:49:52","modified_gmt":"2024-10-04T17:49:52","slug":"morre-o-ator-emiliano-queiroz-aos-88-anos","status":"publish","type":"post","link":"https:\/\/sabuguinho.com.br\/site\/morre-o-ator-emiliano-queiroz-aos-88-anos\/","title":{"rendered":"Morre o ator Emiliano Queiroz, aos 88 anos"},"content":{"rendered":"<p>Int\u00e9rprete de personagens memor\u00e1veis na TV, entre os quais Dirceu Borboleta, de &#8216;O bem-amado&#8217;, ator integrou o elenco da primeira novela da Globo<\/p>\n<p>Por O GLOBO \u2014<\/p>\n<p>Morreu, na manh\u00e3 desta sexta-feira (4), aos 88 anos, o ator Emiliano Queiroz. Rosto conhecido do grande p\u00fablico, o artista integrou o elenco de &#8220;Ilus\u00f5es perdidas&#8221; (1965), a primeira novela da TV Globo, e interpretou personagens de sucesso, entre os quais Dirceu Borboleta, de &#8220;O bem-amado&#8221; (1973), e Juca Cip\u00f3, de &#8220;Irm\u00e3os Coragem (1970). O artista estava internado, h\u00e1 dez dias, na Cl\u00ednica S\u00e3o Vicente, na G\u00e1vea, na Zona Sul do Rio de Janeiro, para tratar problemas no cora\u00e7\u00e3o. A causa da morte foi uma parada card\u00edaca<br \/>\nRecentemente, Emiliano havia sido submetido a uma cirurgia para colocar tr\u00eas stents no cora\u00e7\u00e3o. Na \u00faltima quinta-feira (3), o ator recebeu alta e foi encaminhado para casa. \u00c0s 4h30 desta sexta-feira (4), acordou se sentindo mal. Foi ent\u00e3o levado para o mesmo hospital, onde teve uma parada card\u00edaca e n\u00e3o resistiu.<br \/>\nEmiliano era casado h\u00e1 51 anos com Maria Let\u00edcia, advogada e tamb\u00e9m atriz, de 77 anos. O ator criou 14 filhos junto com a mulher e deixa oito netos e tr\u00eas bisnetos. O local e o hor\u00e1rio do vel\u00f3rio e da crema\u00e7\u00e3o do corpo ainda n\u00e3o est\u00e3o definidos, como apurou o GLOBO.<\/p>\n<p>Trabalhos de sucesso<\/p>\n<p>Na TV Globo, Emiliano Queiroz realizou diversos trabalhos em diferentes produ\u00e7\u00f5es, como &#8220;Pai Her\u00f3i&#8221; (1979), &#8220;Cambalacho&#8221; (1986), &#8220;Senhora o destino&#8221; (2004) e, mais recentemente, &#8220;Espelho da vida&#8221; (2018) e &#8220;\u00c9ramos seis&#8221; (2020), al\u00e9m de &#8220;Alma g\u00eamea&#8221; (2005), que atualmente \u00e9 reprisada pelo canal no &#8220;Vale a pena ver de novo&#8221;. O \u00faltimo trabalho na televis\u00e3o se deu em &#8220;Al\u00e9m da ilus\u00e3o&#8221; (2022), numa participa\u00e7\u00e3o de cinco cap\u00edtulos da novela.<br \/>\nCom prof\u00edcua carreira no teatro, ele esteve na primeira montagem de &#8220;O pagador de promessas&#8221;, de Dias Gomes, no Teatro Brasileiro de Com\u00e9dia (TBC), em 1960, e interpretou Geni na primeir\u00edssima vers\u00e3o do musical &#8220;\u00d3pera do malandro&#8221;, de Chico Buarque e Ruy Guerra, em 1978.<\/p>\n<p><img loading=\"lazy\" decoding=\"async\" src=\"https:\/\/sabuguinho.com.br\/site\/wp-content\/uploads\/2024\/10\/emilianoqueiroz-100x150.jpg\" alt=\"\" width=\"100\" height=\"150\" class=\"alignnone size-medium wp-image-13223\" srcset=\"https:\/\/sabuguinho.com.br\/site\/wp-content\/uploads\/2024\/10\/emilianoqueiroz-100x150.jpg 100w, https:\/\/sabuguinho.com.br\/site\/wp-content\/uploads\/2024\/10\/emilianoqueiroz-341x512.jpg 341w, https:\/\/sabuguinho.com.br\/site\/wp-content\/uploads\/2024\/10\/emilianoqueiroz.jpg 600w\" sizes=\"(max-width: 100px) 100vw, 100px\" \/><\/p>\n<p>Legenda<br \/>\nEmiliano Queiroz, o eterno Dirceu Borboleta \u2014 Foto: Raquel Cunha\/ foto de arquivo<\/p>\n<p>Filho de um ourives e uma professora prim\u00e1ria, Emiliano deixou seu estado natal, o Cear\u00e1, com pouco mais de 20 anos. Nesse per\u00edodo, ele pegou carona num caminh\u00e3o rumo a S\u00e3o Paulo, para participar de montagens profissionais de teatro, atividade a que se dedicava desde a inf\u00e2ncia, quando ainda morava na pequena cidade de Aracati, onde nasceu. Entre familiares e amigos de escola, era considerado um prod\u00edgio.<br \/>\nAos 10 anos, depois se mudar com os pais para Fortaleza, o jovem participou de cursos livres de artes c\u00eanicas e logo decidiu que seguiria carreira a carreira art\u00edstica. Entrou para o Teatro Experimental de Arte, uma importante companhia cearense, aos 14 anos. Pouco depois, come\u00e7ou a trabalhar na Cear\u00e1 R\u00e1dio Clube. &#8220;Fiz um concurso, fui aprovado e me tornei um profissional aos 16 anos&#8221;, ele relembrou, em entrevista ao site &#8220;Mem\u00f3ria Globo&#8221;.<br \/>\nAp\u00f3s um curto per\u00edodo em S\u00e3o Paulo, o ent\u00e3o rapaz retornou ao seu estado natal e foi contratado pela TV Cear\u00e1. Na emissora local, fez de tudo: trabalhou como ator, humorista, contrarregra, produtor, cen\u00f3grafo, apresentador&#8230; At\u00e9 voltar novamente para S\u00e3o Paulo e ser convidado para integrar o elenco de &#8220;Eu amo esse homem&#8221; (1964), na TV Paulista.<\/p>\n<p><img loading=\"lazy\" decoding=\"async\" src=\"https:\/\/sabuguinho.com.br\/site\/wp-content\/uploads\/2024\/10\/dsc-5178-lea-garcia-emiliano-queiroz-e-lorena-da-silva-a-vida-nao-e-justa-marco-2022-cg-3--150x100.jpg\" alt=\"\" width=\"150\" height=\"100\" class=\"alignnone size-medium wp-image-13224\" srcset=\"https:\/\/sabuguinho.com.br\/site\/wp-content\/uploads\/2024\/10\/dsc-5178-lea-garcia-emiliano-queiroz-e-lorena-da-silva-a-vida-nao-e-justa-marco-2022-cg-3--150x100.jpg 150w, https:\/\/sabuguinho.com.br\/site\/wp-content\/uploads\/2024\/10\/dsc-5178-lea-garcia-emiliano-queiroz-e-lorena-da-silva-a-vida-nao-e-justa-marco-2022-cg-3--512x341.jpg 512w, https:\/\/sabuguinho.com.br\/site\/wp-content\/uploads\/2024\/10\/dsc-5178-lea-garcia-emiliano-queiroz-e-lorena-da-silva-a-vida-nao-e-justa-marco-2022-cg-3-.jpg 600w\" sizes=\"(max-width: 150px) 100vw, 150px\" \/><\/p>\n<p>Legenda 2<br \/>\nL\u00e9a Garcia e Emiliano Queiroz em cena da pe\u00e7a &#8216;A vida n\u00e3o \u00e9 justa&#8217;, em cartaz recentemente \u2014 Foto: Divulga\u00e7\u00e3o<\/p>\n<p>Dali em diante, emendou trabalhos bem-sucedidos em folhetins televisivos. Depois de participar de &#8220;Ilus\u00f5es perdidas&#8221; (1965), primeira novela da TV Globo, caiu nas gra\u00e7as do p\u00fablico em &#8220;Eu compro esta mulher&#8221; (1966), novela da mesma emissora, com dramaturgia de Gl\u00f3ria Magadan.<br \/>\nTamb\u00e9m em 1966, chegou a apanhar na rua por causa do vil\u00e3o nazista Hans Stauben de &#8220;O Sheik de Agadir&#8221; (1966), da mesma autora. &#8220;O povo me odiava. Eu havia assassinado o personagem do Cl\u00e1udio Marzo no cap\u00edtulo da noite anterior, e a coisa j\u00e1 come\u00e7ava a ficar braba na rua. Os caras passavam de t\u00e1xi ou de \u00f4nibus e gritavam: &#8216;Assassino!&#8217;. Na manh\u00e3 seguinte, uma mulher deu com a sombrinha na minha cabe\u00e7a&#8221;, disse ele, na mesma entrevista ao &#8220;Mem\u00f3ria Globo&#8221;.<\/p>\n<p>O papel mais famoso na carreira de Emiliano Queiroz veio em 1972, com o Dirceu Borboleta de &#8220;O bem-amado&#8221;, escrita por Dias Gomes. O personagem entrou para a antologia da televis\u00e3o brasileira com seu jeito nervoso de mexer as m\u00e3os e sua gagueira compulsiva. &#8220;Quando come\u00e7ou a novela, ele n\u00e3o tinha nada, era um cara feliz no trabalho. At\u00e9 que come\u00e7aram as press\u00f5es, e ele foi ficando apopl\u00e9tico&#8221;, comentou o ator, \u00e0 \u00e9poca. Dirceu Borboleta acompanhou o ator para al\u00e9m da exibi\u00e7\u00e3o da novela: entre 1980 e 1984, ele retomou o personagem no seriado &#8216;O bem-amado&#8217; e, em 1994, no humor\u00edstico &#8220;Escolinha do Professor Raimundo&#8221;.<\/p>\n<p>Legenda<br \/>\nO ator Emiliano Queiroz, em cena de &#8216;Passione&#8217; (2010) Divulga\u00e7\u00e3o\/TV Globo<br \/>\nRESUMO<\/p>\n","protected":false},"excerpt":{"rendered":"<p>Int\u00e9rprete de personagens memor\u00e1veis na TV, entre os quais Dirceu Borboleta, de &#8216;O bem-amado&#8217;, ator integrou o elenco da primeira novela da Globo Por O GLOBO \u2014 Morreu, na manh\u00e3 desta sexta-feira (4), aos 88 anos, o ator Emiliano Queiroz. Rosto conhecido do grande p\u00fablico, o artista integrou o elenco de &#8220;Ilus\u00f5es perdidas&#8221; (1965), a [&hellip;]<\/p>\n","protected":false},"author":2,"featured_media":13225,"comment_status":"open","ping_status":"open","sticky":false,"template":"","format":"standard","meta":{"footnotes":""},"categories":[61],"tags":[],"_links":{"self":[{"href":"https:\/\/sabuguinho.com.br\/site\/wp-json\/wp\/v2\/posts\/13222"}],"collection":[{"href":"https:\/\/sabuguinho.com.br\/site\/wp-json\/wp\/v2\/posts"}],"about":[{"href":"https:\/\/sabuguinho.com.br\/site\/wp-json\/wp\/v2\/types\/post"}],"author":[{"embeddable":true,"href":"https:\/\/sabuguinho.com.br\/site\/wp-json\/wp\/v2\/users\/2"}],"replies":[{"embeddable":true,"href":"https:\/\/sabuguinho.com.br\/site\/wp-json\/wp\/v2\/comments?post=13222"}],"version-history":[{"count":1,"href":"https:\/\/sabuguinho.com.br\/site\/wp-json\/wp\/v2\/posts\/13222\/revisions"}],"predecessor-version":[{"id":13226,"href":"https:\/\/sabuguinho.com.br\/site\/wp-json\/wp\/v2\/posts\/13222\/revisions\/13226"}],"wp:featuredmedia":[{"embeddable":true,"href":"https:\/\/sabuguinho.com.br\/site\/wp-json\/wp\/v2\/media\/13225"}],"wp:attachment":[{"href":"https:\/\/sabuguinho.com.br\/site\/wp-json\/wp\/v2\/media?parent=13222"}],"wp:term":[{"taxonomy":"category","embeddable":true,"href":"https:\/\/sabuguinho.com.br\/site\/wp-json\/wp\/v2\/categories?post=13222"},{"taxonomy":"post_tag","embeddable":true,"href":"https:\/\/sabuguinho.com.br\/site\/wp-json\/wp\/v2\/tags?post=13222"}],"curies":[{"name":"wp","href":"https:\/\/api.w.org\/{rel}","templated":true}]}}