{"id":13220,"date":"2024-10-04T14:35:26","date_gmt":"2024-10-04T17:35:26","guid":{"rendered":"https:\/\/sabuguinho.com.br\/site\/?p=13220"},"modified":"2024-10-04T14:35:26","modified_gmt":"2024-10-04T17:35:26","slug":"cultura-confira-os-artistas-selecionados-para-a-41a-fampop-mostra-de-musica-avareense","status":"publish","type":"post","link":"https:\/\/sabuguinho.com.br\/site\/cultura-confira-os-artistas-selecionados-para-a-41a-fampop-mostra-de-musica-avareense\/","title":{"rendered":"CULTURA  &#8211;  Confira os artistas selecionados para a 41\u00aa Fampop-Mostra de M\u00fasica Avareense"},"content":{"rendered":"<p>Formato tem o prop\u00f3sito de prestigiar cantores, int\u00e9rpretes e compositores de Avar\u00e9<\/p>\n<p>A Comiss\u00e3o Organizadora divulgou os artistas que v\u00e3o subir ao palco da 41\u00aa Feira Avareense da M\u00fasica Popular (Fampop)-Mostra de M\u00fasica Avareense que acontece nos dias 19 e 20 de outubro no Projeto Cord\u00e3o.<br \/>\nO evento \u00e9 aberto ao p\u00fablico. A edi\u00e7\u00e3o especial \u00e9 uma realiza\u00e7\u00e3o da R\u00e1dio Avar\u00e9 FM em parceria com a Faculdade Eduvale de Avar\u00e9, Secretaria Municipal de Cultura e Projeto Cord\u00e3o, por meio de recursos da Pol\u00edtica Nacional Aldir Blanc de Fomento \u00e0 Cultura (PNAB).<br \/>\nEm formato de mostra, a 41\u00aa Fampop \u00e9 voltada exclusivamente para artistas de Avar\u00e9 que j\u00e1 estiveram nos palcos do festival avareense, um dos mais tradicionais do Brasil.<br \/>\n\u201cO objetivo \u00e9 prestigiar o trabalho do artista avareense, incluindo cantores, int\u00e9rpretes e compositores\u201d, afirma a organiza\u00e7\u00e3o. A premia\u00e7\u00e3o soma R$ 45 mil. Confira abaixo os selecionados.<\/p>\n<p>Vanessa Reis<\/p>\n<p>A cantora Vanessa Reis, int\u00e9rprete oficial da can\u00e7\u00e3o oficial da Fampop, \u00e9 a patrona da edi\u00e7\u00e3o e vai subir ao palco acompanhada de sua banda.<\/p>\n<p>Local<\/p>\n<p>A 41\u00aa Fampop acontece no s\u00e1bado, 19, e no domingo, 20, a partir das 14 horas, no Projeto Cord\u00e3o. O endere\u00e7o \u00e9 Travessa Virg\u00edlio de Ara\u00fajo Valim, n\u00ba 167, no Distrito Industrial Primavera.<\/p>\n","protected":false},"excerpt":{"rendered":"<p>Formato tem o prop\u00f3sito de prestigiar cantores, int\u00e9rpretes e compositores de Avar\u00e9 A Comiss\u00e3o Organizadora divulgou os artistas que v\u00e3o subir ao palco da 41\u00aa Feira Avareense da M\u00fasica Popular (Fampop)-Mostra de M\u00fasica Avareense que acontece nos dias 19 e 20 de outubro no Projeto Cord\u00e3o. O evento \u00e9 aberto ao p\u00fablico. A edi\u00e7\u00e3o especial [&hellip;]<\/p>\n","protected":false},"author":2,"featured_media":12701,"comment_status":"open","ping_status":"open","sticky":false,"template":"","format":"standard","meta":{"footnotes":""},"categories":[58],"tags":[],"_links":{"self":[{"href":"https:\/\/sabuguinho.com.br\/site\/wp-json\/wp\/v2\/posts\/13220"}],"collection":[{"href":"https:\/\/sabuguinho.com.br\/site\/wp-json\/wp\/v2\/posts"}],"about":[{"href":"https:\/\/sabuguinho.com.br\/site\/wp-json\/wp\/v2\/types\/post"}],"author":[{"embeddable":true,"href":"https:\/\/sabuguinho.com.br\/site\/wp-json\/wp\/v2\/users\/2"}],"replies":[{"embeddable":true,"href":"https:\/\/sabuguinho.com.br\/site\/wp-json\/wp\/v2\/comments?post=13220"}],"version-history":[{"count":1,"href":"https:\/\/sabuguinho.com.br\/site\/wp-json\/wp\/v2\/posts\/13220\/revisions"}],"predecessor-version":[{"id":13221,"href":"https:\/\/sabuguinho.com.br\/site\/wp-json\/wp\/v2\/posts\/13220\/revisions\/13221"}],"wp:featuredmedia":[{"embeddable":true,"href":"https:\/\/sabuguinho.com.br\/site\/wp-json\/wp\/v2\/media\/12701"}],"wp:attachment":[{"href":"https:\/\/sabuguinho.com.br\/site\/wp-json\/wp\/v2\/media?parent=13220"}],"wp:term":[{"taxonomy":"category","embeddable":true,"href":"https:\/\/sabuguinho.com.br\/site\/wp-json\/wp\/v2\/categories?post=13220"},{"taxonomy":"post_tag","embeddable":true,"href":"https:\/\/sabuguinho.com.br\/site\/wp-json\/wp\/v2\/tags?post=13220"}],"curies":[{"name":"wp","href":"https:\/\/api.w.org\/{rel}","templated":true}]}}