{"id":13209,"date":"2024-10-04T13:40:17","date_gmt":"2024-10-04T16:40:17","guid":{"rendered":"https:\/\/sabuguinho.com.br\/site\/?p=13209"},"modified":"2024-10-04T13:40:17","modified_gmt":"2024-10-04T16:40:17","slug":"jose-antonio-ferreira-freire-e-eleito-presidente-do-cpb","status":"publish","type":"post","link":"https:\/\/sabuguinho.com.br\/site\/jose-antonio-ferreira-freire-e-eleito-presidente-do-cpb\/","title":{"rendered":"Jos\u00e9 Ant\u00f4nio Ferreira Freire \u00e9 eleito presidente do CPB"},"content":{"rendered":"<p>Pernambucano dirigir\u00e1 a entidade no ciclo 2025-2029<\/p>\n<p>Ag\u00eancia Brasil<\/p>\n<p>O Comit\u00ea Paral\u00edmpico Brasileiro (CPB) tem um novo presidente, o pernambucano Jos\u00e9 Ant\u00f4nio Ferreira Freire, que foi eleito nesta quarta-feira (2) para o ciclo 2025-2029. A escolha foi realizada durante Assembleia Geral Ordin\u00e1ria de Elei\u00e7\u00e3o da entidade realizada no Centro de Treinamento Paral\u00edmpico, em S\u00e3o Paulo.<br \/>\nJos\u00e9 Ant\u00f4nio Ferreira Freire substituir\u00e1 no cargo Mizael Conrado, eleito em 2017 e reeleito em 2020. Outra decis\u00e3o tomada na assembleia foi a reelei\u00e7\u00e3o do ex-atleta Yohansson Nascimento para o cargo de vice-presidente.<br \/>\n\u201cVamos dar continuidade a este trabalho maravilhoso realizado pelo presidente Mizael Conrado, com todos os projetos e programas por todo o pa\u00eds. Agrade\u00e7o a ele pela parceria de longa data. \u00c9 uma honra poder substitu\u00ed-lo no CPB. Ser\u00e1 um grande desafio mantermos e at\u00e9 ampliarmos tudo o que foi feito at\u00e9 agora pelas pessoas com defici\u00eancia. Mas tenho a certeza de que, com o esfor\u00e7o de todos n\u00f3s, faremos o CPB cada dia maior\u201d, discursou Jos\u00e9 Ant\u00f4nio ap\u00f3s a elei\u00e7\u00e3o.<br \/>\nCom mais de 40 anos de atua\u00e7\u00e3o no Movimento Paral\u00edmpico, divididos entre atleta e dirigente, Jos\u00e9 Ant\u00f4nio era presidente da Confedera\u00e7\u00e3o Brasileira de Desportos de Deficientes Visuais (CBDV) por duas gest\u00f5es recentes, quando foi eleito em 2017 e reeleito em 2021.<\/p>\n<p>Nascido na cidade de Carpina <\/p>\n<p>(Pernambuco), Jos\u00e9 Ant\u00f4nio \u00e9 cego por causa de um descolamento de retina causado por uma cabe\u00e7ada acidental durante um jogo de futebol convencional aos 15 anos.<br \/>\n\u201cAp\u00f3s a quinta coloca\u00e7\u00e3o hist\u00f3rica nos Jogos de Paris 2024, com recorde de medalhas e campanha extraordin\u00e1ria, o CPB tem um futuro brilhante pela frente, como muitos projetos, programas, uma realidade que nos faz crer que o Brasil continuar\u00e1 avan\u00e7ando. E, na elei\u00e7\u00e3o de hoje, foi eleito algu\u00e9m com muita viv\u00eancia no esporte. Teve trabalhos vitoriosos por onde passou, sendo uma refer\u00eancia n\u00e3o somente para a Para\u00edba, mas para todo territ\u00f3rio nacional. Desejo a ele parab\u00e9ns pela elei\u00e7\u00e3o e muita sorte nesta jornada\u201d, declarou Mizael Conrado, que completar\u00e1 seu segundo mandato na presid\u00eancia do CPB at\u00e9 o dia 31 de dezembro deste ano.<\/p>\n<p>Campanha hist\u00f3rica<\/p>\n<p>Jos\u00e9 Ant\u00f4nio Ferreira Freire assume o comando do CPB ap\u00f3s o Brasil encerrar a Paralimp\u00edada de Paris (Fran\u00e7a) com recordes de p\u00f3dios (89) &#8211; 25 ouros, 26 pratas e 38 bronzes -, al\u00e9m do quinto lugar no quadro de medalhas do megaevento realizado na capital francesa, melhor coloca\u00e7\u00e3o brasileira na hist\u00f3ria da competi\u00e7\u00e3o.<\/p>\n<p><img loading=\"lazy\" decoding=\"async\" src=\"https:\/\/sabuguinho.com.br\/site\/wp-content\/uploads\/2024\/10\/Screenshot_20241004-1337282-150x92.png\" alt=\"\" width=\"150\" height=\"92\" class=\"alignnone size-medium wp-image-13210\" srcset=\"https:\/\/sabuguinho.com.br\/site\/wp-content\/uploads\/2024\/10\/Screenshot_20241004-1337282-150x92.png 150w, https:\/\/sabuguinho.com.br\/site\/wp-content\/uploads\/2024\/10\/Screenshot_20241004-1337282-512x314.png 512w, https:\/\/sabuguinho.com.br\/site\/wp-content\/uploads\/2024\/10\/Screenshot_20241004-1337282-768x471.png 768w, https:\/\/sabuguinho.com.br\/site\/wp-content\/uploads\/2024\/10\/Screenshot_20241004-1337282-750x460.png 750w, https:\/\/sabuguinho.com.br\/site\/wp-content\/uploads\/2024\/10\/Screenshot_20241004-1337282.png 1080w\" sizes=\"(max-width: 150px) 100vw, 150px\" \/><\/p>\n","protected":false},"excerpt":{"rendered":"<p>Pernambucano dirigir\u00e1 a entidade no ciclo 2025-2029 Ag\u00eancia Brasil O Comit\u00ea Paral\u00edmpico Brasileiro (CPB) tem um novo presidente, o pernambucano Jos\u00e9 Ant\u00f4nio Ferreira Freire, que foi eleito nesta quarta-feira (2) para o ciclo 2025-2029. A escolha foi realizada durante Assembleia Geral Ordin\u00e1ria de Elei\u00e7\u00e3o da entidade realizada no Centro de Treinamento Paral\u00edmpico, em S\u00e3o Paulo. [&hellip;]<\/p>\n","protected":false},"author":2,"featured_media":13211,"comment_status":"open","ping_status":"open","sticky":false,"template":"","format":"standard","meta":{"footnotes":""},"categories":[45],"tags":[],"_links":{"self":[{"href":"https:\/\/sabuguinho.com.br\/site\/wp-json\/wp\/v2\/posts\/13209"}],"collection":[{"href":"https:\/\/sabuguinho.com.br\/site\/wp-json\/wp\/v2\/posts"}],"about":[{"href":"https:\/\/sabuguinho.com.br\/site\/wp-json\/wp\/v2\/types\/post"}],"author":[{"embeddable":true,"href":"https:\/\/sabuguinho.com.br\/site\/wp-json\/wp\/v2\/users\/2"}],"replies":[{"embeddable":true,"href":"https:\/\/sabuguinho.com.br\/site\/wp-json\/wp\/v2\/comments?post=13209"}],"version-history":[{"count":1,"href":"https:\/\/sabuguinho.com.br\/site\/wp-json\/wp\/v2\/posts\/13209\/revisions"}],"predecessor-version":[{"id":13212,"href":"https:\/\/sabuguinho.com.br\/site\/wp-json\/wp\/v2\/posts\/13209\/revisions\/13212"}],"wp:featuredmedia":[{"embeddable":true,"href":"https:\/\/sabuguinho.com.br\/site\/wp-json\/wp\/v2\/media\/13211"}],"wp:attachment":[{"href":"https:\/\/sabuguinho.com.br\/site\/wp-json\/wp\/v2\/media?parent=13209"}],"wp:term":[{"taxonomy":"category","embeddable":true,"href":"https:\/\/sabuguinho.com.br\/site\/wp-json\/wp\/v2\/categories?post=13209"},{"taxonomy":"post_tag","embeddable":true,"href":"https:\/\/sabuguinho.com.br\/site\/wp-json\/wp\/v2\/tags?post=13209"}],"curies":[{"name":"wp","href":"https:\/\/api.w.org\/{rel}","templated":true}]}}