{"id":13200,"date":"2024-10-04T10:51:38","date_gmt":"2024-10-04T13:51:38","guid":{"rendered":"https:\/\/sabuguinho.com.br\/site\/?p=13200"},"modified":"2024-10-04T10:51:38","modified_gmt":"2024-10-04T13:51:38","slug":"mov-avare-promove-outubro-rosa-com-busdoors-e-acoes-especiais","status":"publish","type":"post","link":"https:\/\/sabuguinho.com.br\/site\/mov-avare-promove-outubro-rosa-com-busdoors-e-acoes-especiais\/","title":{"rendered":"MoV Avar\u00e9 promove Outubro Rosa com busdoors e a\u00e7\u00f5es especiais"},"content":{"rendered":"<p>Assessoria de Imprensa:<br \/>\nPaulo Barddal: (19) 99732-9131<br \/>\nLuciana Rezende: (19) 99602-4787<\/p>\n<p>A MoV Avar\u00e9, concession\u00e1ria do transporte coletivo urbano da Avar\u00e9, entrou na campanha Outubro Rosa, com sete \u00f4nibus que receberam busdoors tem\u00e1ticos. O site da operadora tamb\u00e9m foi colorido de rosa.<br \/>\nOs ve\u00edculos v\u00e3o operar nas ruas da cidade, durante os pr\u00f3ximos dois meses, para lembrar a popula\u00e7\u00e3o sobre os cuidados com a sa\u00fade feminina, no m\u00eas do Outubro Rosa, e dos cuidados com a sa\u00fade masculina, no m\u00eas de novembro, quando se foca na preven\u00e7\u00e3o ao c\u00e2ncer de pr\u00f3stata.<\/p>\n<p>Al\u00e9m disso, a unidade vai realizar outras a\u00e7\u00f5es junto \u00e0s colaboradoras, para divulgar os cuidados com a sa\u00fade feminina e preven\u00e7\u00e3o ao c\u00e2ncer de mama, durante o m\u00eas de outubro.<\/p>\n<p>Outubro Rosa<\/p>\n<p>Outubro \u00e9 o m\u00eas reservado para a divulgar a campanha mundial de conscientiza\u00e7\u00e3o contra os c\u00e2nceres de mama e de colo de \u00fatero. As a\u00e7\u00f5es destacam a import\u00e2ncia da preven\u00e7\u00e3o e do diagn\u00f3stico precoce das doen\u00e7as e buscam incentivar a realiza\u00e7\u00e3o de exames preventivos para o diagn\u00f3stico precoce.<\/p>\n<p><img loading=\"lazy\" decoding=\"async\" src=\"https:\/\/sabuguinho.com.br\/site\/wp-content\/uploads\/2024\/10\/MoV-Avare-2-150x113.jpeg\" alt=\"\" width=\"150\" height=\"113\" class=\"alignnone size-medium wp-image-13201\" srcset=\"https:\/\/sabuguinho.com.br\/site\/wp-content\/uploads\/2024\/10\/MoV-Avare-2-150x113.jpeg 150w, https:\/\/sabuguinho.com.br\/site\/wp-content\/uploads\/2024\/10\/MoV-Avare-2-512x384.jpeg 512w, https:\/\/sabuguinho.com.br\/site\/wp-content\/uploads\/2024\/10\/MoV-Avare-2-768x576.jpeg 768w, https:\/\/sabuguinho.com.br\/site\/wp-content\/uploads\/2024\/10\/MoV-Avare-2-750x563.jpeg 750w, https:\/\/sabuguinho.com.br\/site\/wp-content\/uploads\/2024\/10\/MoV-Avare-2-1140x855.jpeg 1140w, https:\/\/sabuguinho.com.br\/site\/wp-content\/uploads\/2024\/10\/MoV-Avare-2.jpeg 1280w\" sizes=\"(max-width: 150px) 100vw, 150px\" \/><\/p>\n<p>No Brasil, exclu\u00eddos os tumores de pele n\u00e3o melanoma, o c\u00e2ncer de mama \u00e9 o mais incidente em mulheres de todas as regi\u00f5es, com taxas mais altas nas regi\u00f5es Sul e Sudeste. Para cada ano do tri\u00eanio 2023-2025, foram estimados 73.610 novos casos. Em 2021, foram registradas 18.139 mortes pela doen\u00e7a. O c\u00e2ncer do colo do \u00fatero \u00e9 a terceira neoplasia mais frequente em mulheres no Brasil.<br \/>\nParalelamente, a campanha tamb\u00e9m tem como objetivo abordar outros assuntos que envolvem a sa\u00fade da mulher e, no pr\u00f3ximo m\u00eas ser\u00e1 a vez dos homens, com atividades voltadas ao Novembro Azul, marcado pela campanha mundial de preven\u00e7\u00e3o ao c\u00e2ncer de pr\u00f3stata.<\/p>\n<p>Preven\u00e7\u00e3o<\/p>\n<p>O Instituto Nacional do C\u00e2ncer (Inca) indica que cerca de 30% dos casos de c\u00e2ncer de mama podem ser evitados com a ado\u00e7\u00e3o de h\u00e1bitos saud\u00e1veis, como praticar atividades f\u00edsicas, alimentar-se de forma saud\u00e1vel, manter o peso adequado, evitar bebidas alco\u00f3licas. Amamentar tamb\u00e9m \u00e9 um fator de prote\u00e7\u00e3o.<br \/>\nO Inca ainda traz outras dicas para evitar o c\u00e2ncer nas mulheres, como n\u00e3o fumar; fazer o exame preventivo do c\u00e2ncer do colo do \u00fatero a cada tr\u00eas anos para mulheres entre 25 e 64 anos e vacinar contra o HPV as meninas de 9 a 14 anos. \u00c9 importante lembrar que quanto mais cedo o c\u00e2ncer de mama e o c\u00e2ncer de colo do \u00fatero s\u00e3o diagnosticados, maiores s\u00e3o as chances de sucesso no tratamento.<\/p>\n<p>legenda: Site da operadora foi colorido de rosa e ser\u00e3o realizadas atividades na garagem, para promover a preven\u00e7\u00e3o do c\u00e2ncer de mama junto \u00e0s colaboradoras<\/p>\n<p>Fonte da Foto: Assessoria<\/p>\n","protected":false},"excerpt":{"rendered":"<p>Assessoria de Imprensa: Paulo Barddal: (19) 99732-9131 Luciana Rezende: (19) 99602-4787 A MoV Avar\u00e9, concession\u00e1ria do transporte coletivo urbano da Avar\u00e9, entrou na campanha Outubro Rosa, com sete \u00f4nibus que receberam busdoors tem\u00e1ticos. O site da operadora tamb\u00e9m foi colorido de rosa. Os ve\u00edculos v\u00e3o operar nas ruas da cidade, durante os pr\u00f3ximos dois meses, [&hellip;]<\/p>\n","protected":false},"author":2,"featured_media":13202,"comment_status":"open","ping_status":"open","sticky":false,"template":"","format":"standard","meta":{"footnotes":""},"categories":[58],"tags":[],"_links":{"self":[{"href":"https:\/\/sabuguinho.com.br\/site\/wp-json\/wp\/v2\/posts\/13200"}],"collection":[{"href":"https:\/\/sabuguinho.com.br\/site\/wp-json\/wp\/v2\/posts"}],"about":[{"href":"https:\/\/sabuguinho.com.br\/site\/wp-json\/wp\/v2\/types\/post"}],"author":[{"embeddable":true,"href":"https:\/\/sabuguinho.com.br\/site\/wp-json\/wp\/v2\/users\/2"}],"replies":[{"embeddable":true,"href":"https:\/\/sabuguinho.com.br\/site\/wp-json\/wp\/v2\/comments?post=13200"}],"version-history":[{"count":1,"href":"https:\/\/sabuguinho.com.br\/site\/wp-json\/wp\/v2\/posts\/13200\/revisions"}],"predecessor-version":[{"id":13203,"href":"https:\/\/sabuguinho.com.br\/site\/wp-json\/wp\/v2\/posts\/13200\/revisions\/13203"}],"wp:featuredmedia":[{"embeddable":true,"href":"https:\/\/sabuguinho.com.br\/site\/wp-json\/wp\/v2\/media\/13202"}],"wp:attachment":[{"href":"https:\/\/sabuguinho.com.br\/site\/wp-json\/wp\/v2\/media?parent=13200"}],"wp:term":[{"taxonomy":"category","embeddable":true,"href":"https:\/\/sabuguinho.com.br\/site\/wp-json\/wp\/v2\/categories?post=13200"},{"taxonomy":"post_tag","embeddable":true,"href":"https:\/\/sabuguinho.com.br\/site\/wp-json\/wp\/v2\/tags?post=13200"}],"curies":[{"name":"wp","href":"https:\/\/api.w.org\/{rel}","templated":true}]}}