{"id":13184,"date":"2024-10-03T22:05:38","date_gmt":"2024-10-04T01:05:38","guid":{"rendered":"https:\/\/sabuguinho.com.br\/site\/?p=13184"},"modified":"2024-10-03T22:05:38","modified_gmt":"2024-10-04T01:05:38","slug":"cantor-daniel-se-reune-com-a-familia-nos-bastidores-do-show-em-celebracao-aos-40-anos-de-carreira","status":"publish","type":"post","link":"https:\/\/sabuguinho.com.br\/site\/cantor-daniel-se-reune-com-a-familia-nos-bastidores-do-show-em-celebracao-aos-40-anos-de-carreira\/","title":{"rendered":"Cantor Daniel se re\u00fane com a fam\u00edlia nos bastidores do show em celebra\u00e7\u00e3o aos 40 anos de carreira"},"content":{"rendered":"<p>Artista se apresentou em S\u00e3o Paulo, nesta quarta-feira (2)<\/p>\n<p>Rio &#8211; O cantor Daniel, de 56 anos, esteve ao lado de suas tr\u00eas filhas e da mulher, Aline de P\u00e1dua, nos bastidores de seu show no Vibra SP, na noite desta quarta-feira (2). A apresenta\u00e7\u00e3o celebra os 40 anos de carreira do artista e contou com a participa\u00e7\u00e3o de uma orquestra sinf\u00f4nica.<br \/>\nCasado h\u00e1 21 anos, Daniel \u00e9 pai de Lara, de 13 anos, Luiza, de 11, e Ol\u00edvia, de 2 .<\/p>\n<p>Legenda<br \/>\nCantor Daniel posa com a fam\u00edlia na comemora\u00e7\u00e3o de 40 anos de carreiraVan Campos \/ AgNews<\/p>\n","protected":false},"excerpt":{"rendered":"<p>Artista se apresentou em S\u00e3o Paulo, nesta quarta-feira (2) Rio &#8211; O cantor Daniel, de 56 anos, esteve ao lado de suas tr\u00eas filhas e da mulher, Aline de P\u00e1dua, nos bastidores de seu show no Vibra SP, na noite desta quarta-feira (2). A apresenta\u00e7\u00e3o celebra os 40 anos de carreira do artista e contou [&hellip;]<\/p>\n","protected":false},"author":2,"featured_media":13185,"comment_status":"open","ping_status":"open","sticky":false,"template":"","format":"standard","meta":{"footnotes":""},"categories":[56],"tags":[],"_links":{"self":[{"href":"https:\/\/sabuguinho.com.br\/site\/wp-json\/wp\/v2\/posts\/13184"}],"collection":[{"href":"https:\/\/sabuguinho.com.br\/site\/wp-json\/wp\/v2\/posts"}],"about":[{"href":"https:\/\/sabuguinho.com.br\/site\/wp-json\/wp\/v2\/types\/post"}],"author":[{"embeddable":true,"href":"https:\/\/sabuguinho.com.br\/site\/wp-json\/wp\/v2\/users\/2"}],"replies":[{"embeddable":true,"href":"https:\/\/sabuguinho.com.br\/site\/wp-json\/wp\/v2\/comments?post=13184"}],"version-history":[{"count":1,"href":"https:\/\/sabuguinho.com.br\/site\/wp-json\/wp\/v2\/posts\/13184\/revisions"}],"predecessor-version":[{"id":13186,"href":"https:\/\/sabuguinho.com.br\/site\/wp-json\/wp\/v2\/posts\/13184\/revisions\/13186"}],"wp:featuredmedia":[{"embeddable":true,"href":"https:\/\/sabuguinho.com.br\/site\/wp-json\/wp\/v2\/media\/13185"}],"wp:attachment":[{"href":"https:\/\/sabuguinho.com.br\/site\/wp-json\/wp\/v2\/media?parent=13184"}],"wp:term":[{"taxonomy":"category","embeddable":true,"href":"https:\/\/sabuguinho.com.br\/site\/wp-json\/wp\/v2\/categories?post=13184"},{"taxonomy":"post_tag","embeddable":true,"href":"https:\/\/sabuguinho.com.br\/site\/wp-json\/wp\/v2\/tags?post=13184"}],"curies":[{"name":"wp","href":"https:\/\/api.w.org\/{rel}","templated":true}]}}